{"id":876,"date":"2021-11-04T21:00:00","date_gmt":"2021-11-04T20:00:00","guid":{"rendered":"https:\/\/democracy-deutschland.de\/blog\/?p=876"},"modified":"2025-02-21T14:51:36","modified_gmt":"2025-02-21T13:51:36","slug":"news-30-resumee-und-neuer-kurs","status":"publish","type":"post","link":"https:\/\/democracy-deutschland.de\/blog\/2021\/11\/news-30-resumee-und-neuer-kurs\/","title":{"rendered":"News #30 \u2013 Resumee und Neuer Kurs"},"content":{"rendered":"\n<p>Hallo lieber Unterst\u00fctzer,<\/p>\n\n\n\n<p>mein Wunsch war es, mit DEMOCRACY sowohl in den Massen- als auch den freien Medien anschlussf\u00e4hig zu sein. Nach f\u00fcnf Jahren sp\u00fcre ich, dass ich innerlich so weit bin, diese Schere in meinem Kopf und Herzen aufzugeben.&nbsp;<\/p>\n\n\n\n<p>Ich w\u00fcnsche viel Spa\u00df beim Lesen und danke von ganzem Herzen f\u00fcr die best\u00e4ndige Unterst\u00fctzung,&nbsp;<\/p>\n\n\n\n<p>Herzliche Gr\u00fc\u00dfe<\/p>\n\n\n\n<p>Ihr Marius Kr\u00fcger<\/p>\n\n\n\n<!--more-->\n\n\n\n<h2 class=\"wp-block-heading\">01 Kampagnen-Res\u00fcmee<\/h2>\n\n\n\n<figure class=\"wp-block-image size-large\"><img loading=\"lazy\" decoding=\"async\" width=\"1024\" height=\"527\" src=\"https:\/\/democracy-deutschland.de\/blog\/wp-content\/uploads\/2024\/12\/30_01_Resuemee-1024x527.jpg\" alt=\"\" class=\"wp-image-877\" srcset=\"https:\/\/democracy-deutschland.de\/blog\/wp-content\/uploads\/2024\/12\/30_01_Resuemee-1024x527.jpg 1024w, https:\/\/democracy-deutschland.de\/blog\/wp-content\/uploads\/2024\/12\/30_01_Resuemee-300x154.jpg 300w, https:\/\/democracy-deutschland.de\/blog\/wp-content\/uploads\/2024\/12\/30_01_Resuemee-768x395.jpg 768w, https:\/\/democracy-deutschland.de\/blog\/wp-content\/uploads\/2024\/12\/30_01_Resuemee-900x463.jpg 900w, https:\/\/democracy-deutschland.de\/blog\/wp-content\/uploads\/2024\/12\/30_01_Resuemee.jpg 1263w\" sizes=\"auto, (max-width: 1024px) 100vw, 1024px\" \/><\/figure>\n\n\n\n<p>Mit dem 26. September war unsere bislang gr\u00f6\u00dfte Kampagne beendet. Sechs Monate lang hatten wir uns fast ausschlie\u00dflich auf die anstehenden Wahlen fokussiert, daf\u00fcr unsere App umgebaut, eine Presseagentur ins Boot geholt, geeignete Werbemittel f\u00fcr die sozialen Medien konzipiert und auch das erste Mal richtig viel Geld ins gesponsorte Posting investiert. Zu jedem Zeitpunkt waren wir zutiefst davon \u00fcberzeugt, dass unser Wahl-O-Meter und die dazugeh\u00f6rige Kampagne (<em>Finde die Taten hinter den Worten<\/em>) einen riesigen Beitrag f\u00fcr die w\u00e4hlende Bev\u00f6lkerung leistet. Warum dieser Beitrag schlussendlich kleiner ausgefallen ist, als wir uns gew\u00fcnscht haben, hat zwei zentrale Gr\u00fcnde:<br><br>Zum einen sind die&nbsp;<strong>Nutzungserwartung<\/strong>&nbsp;<strong>und<\/strong>&nbsp;das tats\u00e4chliche&nbsp;<strong>Nutzungserlebnis<\/strong>&nbsp;deutlich&nbsp;<strong>auseinandergefallen<\/strong>, was sich an einer hohen Deinstallationsquote unter den Neuinstallationen zeigt, zum anderen war die&nbsp;<strong>Unterst\u00fctzung der Presse<\/strong>&nbsp;f\u00fcr unsere wichtige Botschaft (<em>seine Wahlentscheidung nicht an Versprechen, sondern am politischen F\u00fchrungszeugnis der Akteure auszurichten<\/em>) absolut&nbsp;<strong>unzufriedenstellend<\/strong>.<br><br>Der Punkt der medialen Berichterstattung wiegt f\u00fcr mich besonders schwer, gerade weil unsere PR-Agentur zwischenzeitlich Zusagen von den Printmedien WELT, FAZ, DIE ZEIT und dem Berliner Tagesspiegel sowie den TV-Formaten Markus Lanz, Stern TV und dem K\u00f6lner Treff hatte. In allen genannten Formaten ist es schlussendlich \u2013 teilweise mit fadenscheinigen, teilweise ohne Begr\u00fcndungen \u2013 nicht zu Ver\u00f6ffentlichungen gekommen.&nbsp;<\/p>\n\n\n\n<p>Ungeachtet dessen, werte ich unsere Kampagne als Erfolg. Wir haben die Zahlen, Daten und Fakten zusammengetragen und m\u00f6chten sie transparent mit Dir teilen!<\/p>\n\n\n\n<p class=\"has-text-align-center\"><a href=\"https:\/\/youtu.be\/4n7APCS2hMM\"><\/a><a href=\"https:\/\/youtu.be\/4n7APCS2hMM\" target=\"_blank\" rel=\"noreferrer noopener\"><a href=\"https:\/\/web.archive.org\/web\/20240723233944\/https:\/\/www.instagram.com\/p\/CUuLtajKiQr\/\" target=\"_blank\" rel=\"noreferrer noopener\">KAMPAGNEN-RESULTATE<\/a><\/a><\/p>\n\n\n\n<p><\/p>\n\n\n\n<h2 class=\"wp-block-heading\">02 Entscheidung \/ Neuer Kurs<\/h2>\n\n\n\n<figure class=\"wp-block-image size-large\"><img loading=\"lazy\" decoding=\"async\" width=\"1024\" height=\"527\" src=\"https:\/\/democracy-deutschland.de\/blog\/wp-content\/uploads\/2024\/12\/30_02_Entscheidung-1024x527.jpg\" alt=\"\" class=\"wp-image-878\" srcset=\"https:\/\/democracy-deutschland.de\/blog\/wp-content\/uploads\/2024\/12\/30_02_Entscheidung-1024x527.jpg 1024w, https:\/\/democracy-deutschland.de\/blog\/wp-content\/uploads\/2024\/12\/30_02_Entscheidung-300x154.jpg 300w, https:\/\/democracy-deutschland.de\/blog\/wp-content\/uploads\/2024\/12\/30_02_Entscheidung-768x395.jpg 768w, https:\/\/democracy-deutschland.de\/blog\/wp-content\/uploads\/2024\/12\/30_02_Entscheidung-900x463.jpg 900w, https:\/\/democracy-deutschland.de\/blog\/wp-content\/uploads\/2024\/12\/30_02_Entscheidung.jpg 1263w\" sizes=\"auto, (max-width: 1024px) 100vw, 1024px\" \/><\/figure>\n\n\n\n<p>Es ist viel passiert in den letzten 5 Jahren \u2013 auch bei mir pers\u00f6nlich. Die Gewissheit, dass uns gro\u00dfe Teile der Massenmedien in einem eher \u2018unverf\u00e4nglicheren\u2019 Punkt unserer Arbeit, dem Wahl-O-Meter, auch im Wahlkampf nicht aufgreifen, wirft Fragen auf.&nbsp;<\/p>\n\n\n\n<p>Bei aller Entt\u00e4uschung, im Mainstream keinen Anschluss zu finden, \u00fcberwiegt f\u00fcr mich die Ent-T\u00e4uschung, sich keine (unbegr\u00fcndeten) Hoffnungen zu machen und damit die limitierende&nbsp;<em>Schere im Kopf<\/em>&nbsp;und Herzen endlich aufzugeben.<\/p>\n\n\n\n<p>Wir alle sp\u00fcren sie \u2013 die Konformit\u00e4tsgrenze. Doch was, wenn der Konsens tr\u00fcgt?<br>Mir ist in den letzten Jahren klar geworden, dass echte Demokratie nicht zum Konsens geh\u00f6rt.&nbsp;<strong>Nach einer ganzen Umrundung des Bundestags bin ich bereit, das, was ist, klar zu benennen.<\/strong><\/p>\n\n\n\n<p class=\"has-text-align-center\"><a href=\"https:\/\/youtu.be\/E3KvgGrGQO4?t=150\"><a href=\"https:\/\/web.archive.org\/web\/20240723233944\/https:\/\/youtu.be\/E3KvgGrGQO4?t=150\" target=\"_blank\" rel=\"noreferrer noopener\">SOUVER\u00c4N WERDEN<\/a><\/a><\/p>\n\n\n\n<p><\/p>\n\n\n\n<h2 class=\"wp-block-heading\">03 DEMOCRACY Deutschland e.V.<\/h2>\n\n\n\n<figure class=\"wp-block-image size-large\"><img loading=\"lazy\" decoding=\"async\" width=\"1024\" height=\"527\" src=\"https:\/\/democracy-deutschland.de\/blog\/wp-content\/uploads\/2024\/12\/30_03_DEMOCRACY-Deutschland-e.V-1024x527.jpg\" alt=\"\" class=\"wp-image-879\" srcset=\"https:\/\/democracy-deutschland.de\/blog\/wp-content\/uploads\/2024\/12\/30_03_DEMOCRACY-Deutschland-e.V-1024x527.jpg 1024w, https:\/\/democracy-deutschland.de\/blog\/wp-content\/uploads\/2024\/12\/30_03_DEMOCRACY-Deutschland-e.V-300x154.jpg 300w, https:\/\/democracy-deutschland.de\/blog\/wp-content\/uploads\/2024\/12\/30_03_DEMOCRACY-Deutschland-e.V-768x395.jpg 768w, https:\/\/democracy-deutschland.de\/blog\/wp-content\/uploads\/2024\/12\/30_03_DEMOCRACY-Deutschland-e.V-1536x790.jpg 1536w, https:\/\/democracy-deutschland.de\/blog\/wp-content\/uploads\/2024\/12\/30_03_DEMOCRACY-Deutschland-e.V-2048x1054.jpg 2048w, https:\/\/democracy-deutschland.de\/blog\/wp-content\/uploads\/2024\/12\/30_03_DEMOCRACY-Deutschland-e.V-900x463.jpg 900w, https:\/\/democracy-deutschland.de\/blog\/wp-content\/uploads\/2024\/12\/30_03_DEMOCRACY-Deutschland-e.V-1280x659.jpg 1280w\" sizes=\"auto, (max-width: 1024px) 100vw, 1024px\" \/><\/figure>\n\n\n\n<p>F\u00fcr unseren Verein bedeutet das zweierlei: zum einen eine Fokusverschiebung, zum anderen die Erweiterung unserer T\u00e4tigkeit. Neben der DEMOCRACY App, die gemeinhin als das Flaggschiff unserer Bem\u00fchungen galt und die f\u00fcr die n\u00e4chsten vier Jahre das Thema B\u00fcrgerbeteiligung ins Zentrum stellt, werden wir einen&nbsp;<strong>zweiten Bereich zur Demokratieforschung und -aufkl\u00e4rung aufbauen<\/strong>&nbsp;und damit ein inhaltliches Profil entwickeln.<\/p>\n\n\n\n<p>Einen Vorgeschmack, in welche Richtung die Reise geht, bietet unser \u2018demokratisches Verst\u00e4ndnis\u2019, welches wir vor kurzem auf unserer Website ver\u00f6ffentlicht haben.&nbsp;<\/p>\n\n\n\n<p>Ein erster inhaltlicher Vortrag ist ebenfalls in Planung.&nbsp;<\/p>\n\n\n\n<p class=\"has-text-align-center\"><a href=\"https:\/\/www.democracy-deutschland.de\/#!about\"><a href=\"https:\/\/web.archive.org\/web\/20240723233944\/https:\/\/www.democracy-deutschland.de\/#!about\" target=\"_blank\" rel=\"noreferrer noopener\">UNSER DEMOKRATISCHES VERST\u00c4NDNIS<\/a><\/a><\/p>\n\n\n\n<p><\/p>\n\n\n\n<h2 class=\"wp-block-heading\">04\u00a0 DEMOCRACY 1.5<\/h2>\n\n\n\n<figure class=\"wp-block-image size-large\"><img loading=\"lazy\" decoding=\"async\" width=\"1024\" height=\"527\" src=\"https:\/\/democracy-deutschland.de\/blog\/wp-content\/uploads\/2024\/12\/30_04_1.4-1024x527.jpg\" alt=\"\" class=\"wp-image-880\" srcset=\"https:\/\/democracy-deutschland.de\/blog\/wp-content\/uploads\/2024\/12\/30_04_1.4-1024x527.jpg 1024w, https:\/\/democracy-deutschland.de\/blog\/wp-content\/uploads\/2024\/12\/30_04_1.4-300x154.jpg 300w, https:\/\/democracy-deutschland.de\/blog\/wp-content\/uploads\/2024\/12\/30_04_1.4-768x395.jpg 768w, https:\/\/democracy-deutschland.de\/blog\/wp-content\/uploads\/2024\/12\/30_04_1.4-900x463.jpg 900w, https:\/\/democracy-deutschland.de\/blog\/wp-content\/uploads\/2024\/12\/30_04_1.4.jpg 1263w\" sizes=\"auto, (max-width: 1024px) 100vw, 1024px\" \/><\/figure>\n\n\n\n<p>Der 20. Bundestag ist gew\u00e4hlt, die Ampel beschlossen.<br>Und, was hast Du, der Souver\u00e4n, die n\u00e4chsten 4 Jahre zu entscheiden?<\/p>\n\n\n\n<p>DEMOCRACY 1.5 bringt Dich mitten rein in den Bundestag:<\/p>\n\n\n\n<p>\u2013 Alle Gesetzentw\u00fcrfe und Antr\u00e4ge der Ampel-Koalition auf Deinem Handy&nbsp;<\/p>\n\n\n\n<p>\u2013 selbst zu den Vorg\u00e4ngen abstimmen wie ein Abgeordneter\u2028 und<\/p>\n\n\n\n<p>\u2013 gezielt nach bestimmten Themen oder Abgeordneten suchen, um zu pr\u00fcfen, inwieweit Du mit ihren Entscheidungen \u00fcbereinstimmst\u2028<\/p>\n\n\n\n<p><strong>Mach DICH zum Abgeordneten<\/strong>&nbsp;und hol Dir zur beginnenden Legislaturperiode das kostenlose Update, damit Du die Politik nicht mehr den anderen \u00fcberlassen musst!&nbsp;<\/p>\n\n\n\n<p class=\"has-text-align-center\"><a href=\"https:\/\/www.democracy-deutschland.de\/#!home\"><a href=\"https:\/\/web.archive.org\/web\/20240723233944\/https:\/\/www.democracy-deutschland.de\/#!home\" target=\"_blank\" rel=\"noreferrer noopener\">DEMOCRACY 1.5 HERUNTERLADEN<\/a><\/a><\/p>\n\n\n\n<p><\/p>\n\n\n\n<h2 class=\"wp-block-heading\">05 Umfrage<\/h2>\n\n\n\n<figure class=\"wp-block-image size-large\"><img loading=\"lazy\" decoding=\"async\" width=\"1024\" height=\"527\" src=\"https:\/\/democracy-deutschland.de\/blog\/wp-content\/uploads\/2024\/12\/30_05_Umfrage-1024x527.jpg\" alt=\"\" class=\"wp-image-881\" srcset=\"https:\/\/democracy-deutschland.de\/blog\/wp-content\/uploads\/2024\/12\/30_05_Umfrage-1024x527.jpg 1024w, https:\/\/democracy-deutschland.de\/blog\/wp-content\/uploads\/2024\/12\/30_05_Umfrage-300x154.jpg 300w, https:\/\/democracy-deutschland.de\/blog\/wp-content\/uploads\/2024\/12\/30_05_Umfrage-768x395.jpg 768w, https:\/\/democracy-deutschland.de\/blog\/wp-content\/uploads\/2024\/12\/30_05_Umfrage-900x463.jpg 900w, https:\/\/democracy-deutschland.de\/blog\/wp-content\/uploads\/2024\/12\/30_05_Umfrage.jpg 1263w\" sizes=\"auto, (max-width: 1024px) 100vw, 1024px\" \/><\/figure>\n\n\n\n<p>Und zu guter letzt,&nbsp;<strong>bist Du gefragt!<\/strong><\/p>\n\n\n\n<p>Wie oft benutzt Du eigentlich DEMOCRACY und wof\u00fcr? Welche Features w\u00fcnschst Du dir f\u00fcr die Zukunft und wie stehst Du zu mehr Mitbestimmung? Nach \u00fcber 2,5 Jahren Fragebogen-Pause haben wir Lust, wieder gemeinsam mit Dir Entwicklungsentscheidungen zu treffen. Also, bist Du dabei?<\/p>\n\n\n\n<p>PS: Auch&nbsp;<strong>f\u00fcr unseren neuen Bereich zur Demokratieforschung und -aufkl\u00e4rung<\/strong>ist der Fragebogen von enormer Bedeutung. Bitte schenk uns 5 Minuten Deiner Zeit!<\/p>\n\n\n\n<p class=\"has-text-align-center\"><a href=\"https:\/\/web.archive.org\/web\/20240723233944\/https:\/\/democracyapp.typeform.com\/to\/qlq2c5zQ\" target=\"_blank\" rel=\"noreferrer noopener\">ZUM FRAGEBOGEN<\/a><\/p>\n\n\n\n<h2 class=\"wp-block-heading\">Spendenfortschritt<\/h2>\n\n\n\n<p>6.407\u20ac von\u00a0<strong>11.510\u00a0\u20ac<\/strong>\u00a0(min. Finanzierungsziel\/Monat)<br><a href=\"https:\/\/web.archive.org\/web\/20240723230613\/https:\/\/www.democracy-deutschland.de\/#!donate\">Mehr Informationen zum Spendenstand<\/a><\/p>\n\n\n\n<h2 class=\"wp-block-heading\">Spendenkonto<\/h2>\n\n\n\n<p>Unsere Bankverbindung f\u00fcr direkte Spenden, \u00dcberweisungen oder Dauerauftr\u00e4ge lautet:<\/p>\n\n\n\n<p>Kontoinhaber: DEMOCRACY Deutschland e.V.<br>IBAN: DE33 5003 1000 1049 7560 00<br>BIC: TRODDEF1<\/p>\n\n\n\n<p>Der Verein DEMOCRACY Deutschland e.V. ist mit Bescheid des Finanzamts G\u00f6ttingen vom 01.10.2019 als gemeinn\u00fctziger Verein zur F\u00f6rderung des demokratischen Staatswesens sowie der Volks- und Berufsbildung offiziell anerkannt (<a href=\"https:\/\/web.archive.org\/web\/20240723230613\/https:\/\/www.democracy-deutschland.de\/files\/download\/Freistellungsbescheid.pdf\">Nachweis der Gemeinn\u00fctzigkeit<\/a>;&nbsp;<a href=\"https:\/\/web.archive.org\/web\/20240723230613\/https:\/\/www.democracy-deutschland.de\/files\/download\/Satzung_DEMOCRACY.pdf\">Satzung<\/a>). Ihre Spenden sind daher steuerlich abzugsf\u00e4hig. F\u00fcr Spenden unter 200\u20ac j\u00e4hrlich gen\u00fcgt der Zahlungsnachweis (z. B. Kontoauszug) zusammen mit unserem&nbsp;<a href=\"https:\/\/web.archive.org\/web\/20240723230613\/https:\/\/www.democracy-deutschland.de\/files\/download\/Vereinfachter_Zuwendungsnachweis_2019.pdf\">Vereinfachten Zuwendungsnachweis<\/a>. Wenn Sie eine separate Zuwendungsbest\u00e4tigung ben\u00f6tigen, schreiben Sie uns bitte eine E-Mail oder geben Sie in Ihrer \u00dcberweisung Ihre Wohnadresse an.<\/p>\n\n\n\n<h2 class=\"wp-block-heading\">Der Verein<\/h2>\n\n\n\n<p>DEMOCRACY Deutschland e.V. (gemeinn\u00fctzig)<br>Industriestra\u00dfe 10<br>37079 G\u00f6ttingen<br>Telefon: +49 176 470 40 213<br>E-Mail:&nbsp;<a href=\"https:\/\/web.archive.org\/web\/20240723230613\/mailto:contact@democracy-deutschland.de\">contact@democracy-deutschland.de<\/a><\/p>\n\n\n\n<p><a href=\"https:\/\/web.archive.org\/web\/20240723230613\/https:\/\/www.facebook.com\/democracygermany\/\">Facebook<\/a>,&nbsp;<a href=\"https:\/\/web.archive.org\/web\/20240723230613\/https:\/\/twitter.com\/democracy_de\">Twitter<\/a>,&nbsp;<a href=\"https:\/\/web.archive.org\/web\/20240723230613\/https:\/\/www.instagram.com\/democracy_app\/\">Instagram<\/a>,&nbsp;<a href=\"https:\/\/web.archive.org\/web\/20240723230613\/https:\/\/www.youtube.com\/channel\/UC2R4cGTq1LjFZ2DvDaVhDyg\">YouTube<\/a>,&nbsp;<a href=\"https:\/\/web.archive.org\/web\/20240723230613\/https:\/\/github.com\/demokratie-live\/\">GitHub<\/a>,&nbsp;<a href=\"https:\/\/web.archive.org\/web\/20240723230613\/https:\/\/discord.gg\/Pdu3ZEV\">Discord<\/a><br><a href=\"https:\/\/web.archive.org\/web\/20240723230613\/https:\/\/www.democracy-deutschland.de\/#!nutzungsbedingungen\">Nutzungsbedingungen<\/a>,&nbsp;<a href=\"https:\/\/web.archive.org\/web\/20240723230613\/https:\/\/www.democracy-deutschland.de\/#!datenschutz\">Datenschutz<\/a><\/p>\n","protected":false},"excerpt":{"rendered":"<p>Hallo lieber Unterst\u00fctzer, mein Wunsch war es, mit DEMOCRACY sowohl in den Massen- als auch den freien Medien anschlussf\u00e4hig zu sein. Nach f\u00fcnf Jahren sp\u00fcre ich, dass ich innerlich so weit bin, diese Schere in meinem Kopf und Herzen aufzugeben.&nbsp; Ich w\u00fcnsche viel Spa\u00df beim Lesen und danke von ganzem Herzen f\u00fcr die best\u00e4ndige Unterst\u00fctzung,&nbsp; [&hellip;]<\/p>\n","protected":false},"author":3,"featured_media":882,"comment_status":"closed","ping_status":"closed","sticky":false,"template":"","format":"standard","meta":{"footnotes":""},"categories":[2],"tags":[],"class_list":["post-876","post","type-post","status-publish","format-standard","has-post-thumbnail","hentry","category-newsletter"],"_links":{"self":[{"href":"https:\/\/democracy-deutschland.de\/blog\/wp-json\/wp\/v2\/posts\/876","targetHints":{"allow":["GET"]}}],"collection":[{"href":"https:\/\/democracy-deutschland.de\/blog\/wp-json\/wp\/v2\/posts"}],"about":[{"href":"https:\/\/democracy-deutschland.de\/blog\/wp-json\/wp\/v2\/types\/post"}],"author":[{"embeddable":true,"href":"https:\/\/democracy-deutschland.de\/blog\/wp-json\/wp\/v2\/users\/3"}],"replies":[{"embeddable":true,"href":"https:\/\/democracy-deutschland.de\/blog\/wp-json\/wp\/v2\/comments?post=876"}],"version-history":[{"count":1,"href":"https:\/\/democracy-deutschland.de\/blog\/wp-json\/wp\/v2\/posts\/876\/revisions"}],"predecessor-version":[{"id":883,"href":"https:\/\/democracy-deutschland.de\/blog\/wp-json\/wp\/v2\/posts\/876\/revisions\/883"}],"wp:featuredmedia":[{"embeddable":true,"href":"https:\/\/democracy-deutschland.de\/blog\/wp-json\/wp\/v2\/media\/882"}],"wp:attachment":[{"href":"https:\/\/democracy-deutschland.de\/blog\/wp-json\/wp\/v2\/media?parent=876"}],"wp:term":[{"taxonomy":"category","embeddable":true,"href":"https:\/\/democracy-deutschland.de\/blog\/wp-json\/wp\/v2\/categories?post=876"},{"taxonomy":"post_tag","embeddable":true,"href":"https:\/\/democracy-deutschland.de\/blog\/wp-json\/wp\/v2\/tags?post=876"}],"curies":[{"name":"wp","href":"https:\/\/api.w.org\/{rel}","templated":true}]}}