{"id":865,"date":"2022-01-28T20:52:00","date_gmt":"2022-01-28T19:52:00","guid":{"rendered":"https:\/\/democracy-deutschland.de\/blog\/?p=865"},"modified":"2025-02-21T14:51:59","modified_gmt":"2025-02-21T13:51:59","slug":"news-32-klappflyer-1-5-pressemitteilung","status":"publish","type":"post","link":"https:\/\/democracy-deutschland.de\/blog\/2022\/01\/news-32-klappflyer-1-5-pressemitteilung\/","title":{"rendered":"News #32 \u2013 Klappflyer &amp; 1.5 Pressemitteilung"},"content":{"rendered":"\n<p>Hallo liebe\/r Unterst\u00fctzer:in,<\/p>\n\n\n\n<p>ich spare mir an dieser Stelle versp\u00e4tete Neujahrs-Anspielungen ebenso wie kitschige Vors\u00e4tze f\u00fcr n\u00e4chsten zw\u00f6lf Monate, die wir sowieso nicht gemacht haben, denn unsere Ziele sind l\u00e4ngst bekannt. Wir konzentrieren uns lieber auf die Gegenwart, aus der es schon mehr als genug zu berichten gibt. Von den Anstrengungen, DEMOCRACY bekannter zu machen, \u00fcber Feedback von der Community bis zu einer Empfehlung f\u00fcr ein spannendes Projekt.<\/p>\n\n\n\n<p>Ich w\u00fcnsche viel Freude beim Lesen und bedanke mich im Namen des ganzen Teams f\u00fcr Deine Unterst\u00fctzung, in den letzten Jahren sowie den n\u00e4chsten. Denn egal, welches Thema gerade die \u00f6ffentliche Debatte dominiert, das&nbsp;<strong>Verlangen nach mehr Demokratie<\/strong>&nbsp;schwebt \u00fcber Fragen zu Personalien, Waffenlieferungen oder Impfpflicht und durchdringt sie gleichzeitig. So sehr die Meinungen zu diesen Themen auseinander liegen, k\u00f6nnen wir uns vielleicht auf einen kleinsten gemeinsamen Nenner einigen: Dass wir als Bev\u00f6lkerung gemeinsam dar\u00fcber abstimmen und entscheiden?<\/p>\n\n\n\n<p>Herzliche Gr\u00fc\u00dfe<\/p>\n\n\n\n<p>Timo Sieg<\/p>\n\n\n\n<!--more-->\n\n\n\n<h2 class=\"wp-block-heading\">01 Klappflyer<\/h2>\n\n\n\n<figure class=\"wp-block-image size-large\"><img loading=\"lazy\" decoding=\"async\" width=\"1024\" height=\"527\" src=\"https:\/\/democracy-deutschland.de\/blog\/wp-content\/uploads\/2024\/12\/32_01_Klappflyer-1024x527.jpg\" alt=\"\" class=\"wp-image-866\" srcset=\"https:\/\/democracy-deutschland.de\/blog\/wp-content\/uploads\/2024\/12\/32_01_Klappflyer-1024x527.jpg 1024w, https:\/\/democracy-deutschland.de\/blog\/wp-content\/uploads\/2024\/12\/32_01_Klappflyer-300x154.jpg 300w, https:\/\/democracy-deutschland.de\/blog\/wp-content\/uploads\/2024\/12\/32_01_Klappflyer-768x395.jpg 768w, https:\/\/democracy-deutschland.de\/blog\/wp-content\/uploads\/2024\/12\/32_01_Klappflyer-900x463.jpg 900w, https:\/\/democracy-deutschland.de\/blog\/wp-content\/uploads\/2024\/12\/32_01_Klappflyer.jpg 1263w\" sizes=\"auto, (max-width: 1024px) 100vw, 1024px\" \/><\/figure>\n\n\n\n<p>Direkt zum Start des neuen Jahres haben wir ein versp\u00e4tetes Weihnachtsgeschenk f\u00fcr Euch \u2013 den ersten&nbsp;<a href=\"https:\/\/web.archive.org\/web\/20240530115310\/https:\/\/www.democracy-deutschland.de\/files\/download\/Klappflyer.pdf\" target=\"_blank\" rel=\"noreferrer noopener\">DEMOCRACY-Klappflyer<\/a>.<\/p>\n\n\n\n<p>Wir beobachten immer wieder, wie schwer es ist, den gesamten Funktionsumfang der App f\u00fcr Neuank\u00f6mmlinge darzustellen, ganz zu schweigen von der Vision hinter dem Projekt. In der Vergangenheit haben wir uns daf\u00fcr teilweise neben unsere Bekannten gesetzt und ihnen die App Schritt f\u00fcr Schritt erkl\u00e4rt. Das k\u00f6nnen wir jedoch nicht f\u00fcr tausende Erstnutzer:innen leisten. Deshalb haben wir einen Klappflyer \u2013 als eine Art \u00fcbersichtliche Bedienungsanleitung \u2013 entworfen.&nbsp;<\/p>\n\n\n\n<p><strong>Hast Du Lust, uns zu unterst\u00fctzen<\/strong>&nbsp;\u2013 und zwar bei Deinen allt\u00e4glichen Stationen?<br>Egal ob an der Kasse beim Supermarkt, in der Kantine bei der Arbeit oder im Praxis-Wartezimmer \u2013 Es reicht eine kurze Anfrage, ob Du hier was zu so \u2018ner neuen Demokratie-App von einem gemeinn\u00fctzigen Verein auslegen darfst.<\/p>\n\n\n\n<p>Wenn ja, bestelle ganz einfach und kostenlos ein 100-Bundle per Mail an Deine Adresse.<\/p>\n\n\n\n<p class=\"has-text-align-center\"><a href=\"https:\/\/youtu.be\/4n7APCS2hMM\"><\/a><a href=\"https:\/\/youtu.be\/4n7APCS2hMM\" target=\"_blank\" rel=\"noreferrer noopener\"><a href=\"https:\/\/web.archive.org\/web\/20240530115310\/mailto:contact@democracy-deutschland.de?subject=Klappflyer-Bestellung%20\" target=\"_blank\" rel=\"noreferrer noopener\"><strong>FLYER BESTELLEN<\/strong><\/a><\/a><\/p>\n\n\n\n<p><\/p>\n\n\n\n<h2 class=\"wp-block-heading\">02\u00a0<strong>Pressemitteilung<\/strong><\/h2>\n\n\n\n<figure class=\"wp-block-image size-large\"><img loading=\"lazy\" decoding=\"async\" width=\"1024\" height=\"527\" src=\"https:\/\/democracy-deutschland.de\/blog\/wp-content\/uploads\/2024\/12\/32_02_Pressemitteilung-1024x527.jpg\" alt=\"\" class=\"wp-image-867\" srcset=\"https:\/\/democracy-deutschland.de\/blog\/wp-content\/uploads\/2024\/12\/32_02_Pressemitteilung-1024x527.jpg 1024w, https:\/\/democracy-deutschland.de\/blog\/wp-content\/uploads\/2024\/12\/32_02_Pressemitteilung-300x154.jpg 300w, https:\/\/democracy-deutschland.de\/blog\/wp-content\/uploads\/2024\/12\/32_02_Pressemitteilung-768x395.jpg 768w, https:\/\/democracy-deutschland.de\/blog\/wp-content\/uploads\/2024\/12\/32_02_Pressemitteilung-900x463.jpg 900w, https:\/\/democracy-deutschland.de\/blog\/wp-content\/uploads\/2024\/12\/32_02_Pressemitteilung.jpg 1263w\" sizes=\"auto, (max-width: 1024px) 100vw, 1024px\" \/><\/figure>\n\n\n\n<p>Als zweite Amtshandlung haben wir unsere PR-Arbeit wieder aufgenommen und eine Pressemitteilung an \u00fcber 500 Redaktionskontakte in Deutschland versandt.<\/p>\n\n\n\n<p><strong>Wir lassen jetzt aber nicht nach<\/strong>, sondern weiter flei\u00dfig Mail-Postf\u00e4cher und Telefone gl\u00fchen. Unser Ziel ist es, Journalistinnen und Medienmacher auf uns aufmerksam zu machen sowie auf solche erneut zuzukommen, die ihren ersten Kontakt mit uns w\u00e4hrend der Bundestagswahl hatten. Eine erste Frucht trug diese Arbeit bereits in Form eines&nbsp;<a href=\"https:\/\/web.archive.org\/web\/20240530115310\/https:\/\/www.deutschlandfunknova.de\/beitrag\/democracy-app-auch-nach-der-wahl-einfluss-nehmen\" target=\"_blank\" rel=\"noreferrer noopener\">Beitrags von Deutschlandfunk Nova<\/a>. Wir haken weiter nach und hoffen auf weitere Ver\u00f6ffentlichungen.<\/p>\n\n\n\n<p>Falls Ihr qualifizierte Kontakte habt, f\u00fcr die unsere Pressemitteilung interessant sein k\u00f6nnte, bitten wir Euch, sie gerne dahin weiterzuleiten!<\/p>\n\n\n\n<p class=\"has-text-align-center\"><a href=\"https:\/\/www.democracy-deutschland.de\/files\/download\/Verw\u00e4hlt_Pressemitteilung%20DEMOCRACY%20Deutschland%20e.V.pdf\"><strong><a href=\"https:\/\/web.archive.org\/web\/20240530115310\/https:\/\/www.democracy-deutschland.de\/files\/download\/Verw%C3%A4hlt_Pressemitteilung%20DEMOCRACY%20Deutschland%20e.V.pdf\" target=\"_blank\" rel=\"noreferrer noopener\">DOWNLOAD PRESSEMITTEILUNG<\/a><\/strong><\/a><\/p>\n\n\n\n<p><\/p>\n\n\n\n<h2 class=\"wp-block-heading\">03\u00a0<strong>Mitprogrammieren<\/strong><\/h2>\n\n\n\n<figure class=\"wp-block-image size-large\"><img loading=\"lazy\" decoding=\"async\" width=\"1024\" height=\"527\" src=\"https:\/\/democracy-deutschland.de\/blog\/wp-content\/uploads\/2024\/12\/32_03_Programmierer-1024x527.jpg\" alt=\"\" class=\"wp-image-868\" srcset=\"https:\/\/democracy-deutschland.de\/blog\/wp-content\/uploads\/2024\/12\/32_03_Programmierer-1024x527.jpg 1024w, https:\/\/democracy-deutschland.de\/blog\/wp-content\/uploads\/2024\/12\/32_03_Programmierer-300x154.jpg 300w, https:\/\/democracy-deutschland.de\/blog\/wp-content\/uploads\/2024\/12\/32_03_Programmierer-768x395.jpg 768w, https:\/\/democracy-deutschland.de\/blog\/wp-content\/uploads\/2024\/12\/32_03_Programmierer-1536x790.jpg 1536w, https:\/\/democracy-deutschland.de\/blog\/wp-content\/uploads\/2024\/12\/32_03_Programmierer-2048x1054.jpg 2048w, https:\/\/democracy-deutschland.de\/blog\/wp-content\/uploads\/2024\/12\/32_03_Programmierer-900x463.jpg 900w, https:\/\/democracy-deutschland.de\/blog\/wp-content\/uploads\/2024\/12\/32_03_Programmierer-1280x659.jpg 1280w\" sizes=\"auto, (max-width: 1024px) 100vw, 1024px\" \/><\/figure>\n\n\n\n<p>Wie ihr vielleicht schon mitbekommen habt, ist unsere Entwicklungs-Power durch die Vollzeiteinbindung von Manu in einen anderen Job derzeit gehemmt. Deshalb&nbsp;<strong>suchen wir Dich<\/strong>&nbsp;f\u00fcr die Weiterentwicklung der DEMOCRACY App!<\/p>\n\n\n\n<p>Du bist Programmierer:in, TypeScript, NodeJS oder React Native sind Dein Stack und Du hast Interesse, das bissigste Start-Up der deutschen Civic-Tech-Szene gegen einen kleinen finanziellen Obolus mit Deinen F\u00e4higkeiten zu unterst\u00fctzen?<\/p>\n\n\n\n<p>Dann bewirb Dich jetzt \u00fcber unser&nbsp;<a rel=\"noreferrer noopener\" href=\"https:\/\/web.archive.org\/web\/20240530115310\/https:\/\/www.democracy-deutschland.de\/#!engineering#help\" target=\"_blank\">Mitmachen-Formular<\/a>&nbsp;oder via Mail.<\/p>\n\n\n\n<p class=\"has-text-align-center\"><a href=\"mailto:jobs@democracy-deutschland.de?subject=Initiativbewerbung%20als%20Programmierer%20\"><strong><a href=\"https:\/\/web.archive.org\/web\/20240530115310\/mailto:jobs@democracy-deutschland.de?subject=Initiativbewerbung%20als%20Programmierer%20\" target=\"_blank\" rel=\"noreferrer noopener\">BEWERBUNGSMAIL SCHREIBEN<\/a><\/strong><\/a><\/p>\n\n\n\n<p><\/p>\n\n\n\n<h2 class=\"wp-block-heading\">04\u00a0<strong>Umfrage<\/strong><\/h2>\n\n\n\n<figure class=\"wp-block-image size-large\"><img loading=\"lazy\" decoding=\"async\" width=\"1024\" height=\"527\" src=\"https:\/\/democracy-deutschland.de\/blog\/wp-content\/uploads\/2024\/12\/32_04_Typeform-1024x527.jpg\" alt=\"\" class=\"wp-image-869\" srcset=\"https:\/\/democracy-deutschland.de\/blog\/wp-content\/uploads\/2024\/12\/32_04_Typeform-1024x527.jpg 1024w, https:\/\/democracy-deutschland.de\/blog\/wp-content\/uploads\/2024\/12\/32_04_Typeform-300x154.jpg 300w, https:\/\/democracy-deutschland.de\/blog\/wp-content\/uploads\/2024\/12\/32_04_Typeform-768x395.jpg 768w, https:\/\/democracy-deutschland.de\/blog\/wp-content\/uploads\/2024\/12\/32_04_Typeform-900x463.jpg 900w, https:\/\/democracy-deutschland.de\/blog\/wp-content\/uploads\/2024\/12\/32_04_Typeform.jpg 1263w\" sizes=\"auto, (max-width: 1024px) 100vw, 1024px\" \/><\/figure>\n\n\n\n<p>Viele von Euch folgten unserem Aufruf, an einer anonymen Umfrage zum Nutzungsverhalten der DEMOCRACY App und Einstellungen zu Direkter Demokratie teilzunehmen. Daf\u00fcr m\u00f6chten wir uns herzlich bedanken! Knapp 100 Teilnehmer:innen lieferten einige interessante Erkenntnisse. Die haben wir in einem Blogartikel ausf\u00fchrlicher zusammengefasst. Nur so viel: Viele haben sich eine Inhalts\u00fcbersicht bei Gesetzen und Antr\u00e4gen gew\u00fcnscht. Daher wird es bald von uns erstellte\u00a0<strong>Audio-Zusammenfassungen<\/strong>\u00a0f\u00fcr einzelne Vorg\u00e4nge geben.<\/p>\n\n\n\n<p class=\"has-text-align-center\"><a href=\"https:\/\/web.archive.org\/web\/20240530115310\/https:\/\/www.democracy-deutschland.de\/blog\/2022\/01\/28\/wir-hatten-da-ein-paar-fragen\/\"><strong><a href=\"https:\/\/web.archive.org\/web\/20240530115310\/https:\/\/www.democracy-deutschland.de\/blog\/2022\/01\/28\/wir-hatten-da-ein-paar-fragen\/\" target=\"_blank\" rel=\"noreferrer noopener\">BLOGARTIKEL UMFRAGE<\/a><\/strong><\/a><\/p>\n\n\n\n<p><\/p>\n\n\n\n<h2 class=\"wp-block-heading\">05\u00a0<strong>News oder Fake<\/strong><\/h2>\n\n\n\n<figure class=\"wp-block-image size-large\"><img loading=\"lazy\" decoding=\"async\" width=\"1024\" height=\"527\" src=\"https:\/\/democracy-deutschland.de\/blog\/wp-content\/uploads\/2024\/12\/32_05_NewsoderFake-1024x527.jpg\" alt=\"\" class=\"wp-image-870\" srcset=\"https:\/\/democracy-deutschland.de\/blog\/wp-content\/uploads\/2024\/12\/32_05_NewsoderFake-1024x527.jpg 1024w, https:\/\/democracy-deutschland.de\/blog\/wp-content\/uploads\/2024\/12\/32_05_NewsoderFake-300x154.jpg 300w, https:\/\/democracy-deutschland.de\/blog\/wp-content\/uploads\/2024\/12\/32_05_NewsoderFake-768x395.jpg 768w, https:\/\/democracy-deutschland.de\/blog\/wp-content\/uploads\/2024\/12\/32_05_NewsoderFake-900x463.jpg 900w, https:\/\/democracy-deutschland.de\/blog\/wp-content\/uploads\/2024\/12\/32_05_NewsoderFake.jpg 1263w\" sizes=\"auto, (max-width: 1024px) 100vw, 1024px\" \/><\/figure>\n\n\n\n<p>Der Zusammenhang zwischen Demokratie und Medien ist offensichtlich: Demokratie kann nur funktionieren, wenn die Bev\u00f6lkerung objektiv und unverzerrt \u00fcber alle relevanten Aspekte informiert wird, die zur Einsch\u00e4tzung der politischen Probleme und deren L\u00f6sungen gebraucht werden.&nbsp;<\/p>\n\n\n\n<p>Die&nbsp;<strong>Unverzerrtheit des Debattenraums<\/strong>&nbsp;und eine Meinungspluralit\u00e4t sind unbedingte Voraussetzungen f\u00fcr eine demokratische Gesellschaft.<\/p>\n\n\n\n<p>Damit die Berichterstattung nicht durch \u00f6konomische und politische Interessengruppen dominiert oder eingeschr\u00e4nkt werden kann, ist es unerl\u00e4sslich, dass die Medien demokratisch organisiert sind und ihre Zuh\u00f6rer, die B\u00fcrger,&nbsp; Meta-Kompetenzen im Umgang mit diesen Medien erworben haben, z.B. eine Meinung\/Wertung von einem Fakt unterscheiden zu k\u00f6nnen.&nbsp;<\/p>\n\n\n\n<p>Unser befreundetes Projekt news.oder.fake setzt genau da an \u2013 und zwar \u00e4hnlich wie wir als Serious Game.<\/p>\n\n\n\n<p><strong>Wei\u00dft Du es oder l\u00e4sst Du Dich t\u00e4uschen?<\/strong><\/p>\n\n\n\n<p><strong>Bei news.oder.fake spielst Du Headlines<\/strong>.<\/p>\n\n\n\n<p>Du musst entscheiden, ob die Headlines\u00a0<em>\u201enews\u201c\u00a0<\/em>oder\u00a0<em>\u201efake\u201c\u00a0<\/em>sind.<\/p>\n\n\n\n<p>Hinter\u00a0<em>jeder<\/em>\u00a0Headline stehen eine fundierte Story und die entsprechenden Quellen.<\/p>\n\n\n\n<p>Die Headlines bei sind h\u00e4ufig, wie die Headlines in den Medien, mit reizvollen Irrwegen und sprachlichen Feinheiten versehen.<\/p>\n\n\n\n<p class=\"has-text-align-center\"><a href=\"https:\/\/newsoderfake.de\/\"><strong><a href=\"https:\/\/web.archive.org\/web\/20240530115310\/https:\/\/newsoderfake.de\/\" target=\"_blank\" rel=\"noreferrer noopener\">APP AUSPROBIEREN<\/a><\/strong><\/a><\/p>\n\n\n\n<h2 class=\"wp-block-heading\">Spendenfortschritt<\/h2>\n\n\n\n<p>4.373\u20ac von&nbsp;<strong>11.510&nbsp;\u20ac<\/strong>&nbsp;(min. Finanzierungsziel\/Monat)<br><a href=\"https:\/\/web.archive.org\/web\/20240723230613\/https:\/\/www.democracy-deutschland.de\/#!donate\">Mehr Informationen zum Spendenstand<\/a><\/p>\n\n\n\n<h2 class=\"wp-block-heading\">Spendenkonto<\/h2>\n\n\n\n<p>Unsere Bankverbindung f\u00fcr direkte Spenden, \u00dcberweisungen oder Dauerauftr\u00e4ge lautet:<\/p>\n\n\n\n<p>Kontoinhaber: DEMOCRACY Deutschland e.V.<br>IBAN: DE33 5003 1000 1049 7560 00<br>BIC: TRODDEF1<\/p>\n\n\n\n<p>Der Verein DEMOCRACY Deutschland e.V. ist mit Bescheid des Finanzamts G\u00f6ttingen vom 01.10.2019 als gemeinn\u00fctziger Verein zur F\u00f6rderung des demokratischen Staatswesens sowie der Volks- und Berufsbildung offiziell anerkannt (<a href=\"https:\/\/web.archive.org\/web\/20240723230613\/https:\/\/www.democracy-deutschland.de\/files\/download\/Freistellungsbescheid.pdf\">Nachweis der Gemeinn\u00fctzigkeit<\/a>;&nbsp;<a href=\"https:\/\/web.archive.org\/web\/20240723230613\/https:\/\/www.democracy-deutschland.de\/files\/download\/Satzung_DEMOCRACY.pdf\">Satzung<\/a>). Ihre Spenden sind daher steuerlich abzugsf\u00e4hig. F\u00fcr Spenden unter 200\u20ac j\u00e4hrlich gen\u00fcgt der Zahlungsnachweis (z. B. Kontoauszug) zusammen mit unserem&nbsp;<a href=\"https:\/\/web.archive.org\/web\/20240723230613\/https:\/\/www.democracy-deutschland.de\/files\/download\/Vereinfachter_Zuwendungsnachweis_2019.pdf\">Vereinfachten Zuwendungsnachweis<\/a>. Wenn Sie eine separate Zuwendungsbest\u00e4tigung ben\u00f6tigen, schreiben Sie uns bitte eine E-Mail oder geben Sie in Ihrer \u00dcberweisung Ihre Wohnadresse an.<\/p>\n\n\n\n<h2 class=\"wp-block-heading\">Der Verein<\/h2>\n\n\n\n<p>DEMOCRACY Deutschland e.V. (gemeinn\u00fctzig)<br>Industriestra\u00dfe 10<br>37079 G\u00f6ttingen<br>Telefon: +49 176 470 40 213<br>E-Mail:&nbsp;<a href=\"https:\/\/web.archive.org\/web\/20240723230613\/mailto:contact@democracy-deutschland.de\">contact@democracy-deutschland.de<\/a><\/p>\n\n\n\n<p><a href=\"https:\/\/web.archive.org\/web\/20240723230613\/https:\/\/www.facebook.com\/democracygermany\/\">Facebook<\/a>,&nbsp;<a href=\"https:\/\/web.archive.org\/web\/20240723230613\/https:\/\/twitter.com\/democracy_de\">Twitter<\/a>,&nbsp;<a href=\"https:\/\/web.archive.org\/web\/20240723230613\/https:\/\/www.instagram.com\/democracy_app\/\">Instagram<\/a>,&nbsp;<a href=\"https:\/\/web.archive.org\/web\/20240723230613\/https:\/\/www.youtube.com\/channel\/UC2R4cGTq1LjFZ2DvDaVhDyg\">YouTube<\/a>,&nbsp;<a href=\"https:\/\/web.archive.org\/web\/20240723230613\/https:\/\/github.com\/demokratie-live\/\">GitHub<\/a>,&nbsp;<a href=\"https:\/\/web.archive.org\/web\/20240723230613\/https:\/\/discord.gg\/Pdu3ZEV\">Discord<\/a><br><a href=\"https:\/\/web.archive.org\/web\/20240723230613\/https:\/\/www.democracy-deutschland.de\/#!nutzungsbedingungen\">Nutzungsbedingungen<\/a>,&nbsp;<a href=\"https:\/\/web.archive.org\/web\/20240723230613\/https:\/\/www.democracy-deutschland.de\/#!datenschutz\">Datenschutz<\/a><\/p>\n","protected":false},"excerpt":{"rendered":"<p>Hallo liebe\/r Unterst\u00fctzer:in, ich spare mir an dieser Stelle versp\u00e4tete Neujahrs-Anspielungen ebenso wie kitschige Vors\u00e4tze f\u00fcr n\u00e4chsten zw\u00f6lf Monate, die wir sowieso nicht gemacht haben, denn unsere Ziele sind l\u00e4ngst bekannt. Wir konzentrieren uns lieber auf die Gegenwart, aus der es schon mehr als genug zu berichten gibt. Von den Anstrengungen, DEMOCRACY bekannter zu machen, [&hellip;]<\/p>\n","protected":false},"author":5,"featured_media":871,"comment_status":"closed","ping_status":"closed","sticky":false,"template":"","format":"standard","meta":{"footnotes":""},"categories":[2],"tags":[],"class_list":["post-865","post","type-post","status-publish","format-standard","has-post-thumbnail","hentry","category-newsletter"],"_links":{"self":[{"href":"https:\/\/democracy-deutschland.de\/blog\/wp-json\/wp\/v2\/posts\/865","targetHints":{"allow":["GET"]}}],"collection":[{"href":"https:\/\/democracy-deutschland.de\/blog\/wp-json\/wp\/v2\/posts"}],"about":[{"href":"https:\/\/democracy-deutschland.de\/blog\/wp-json\/wp\/v2\/types\/post"}],"author":[{"embeddable":true,"href":"https:\/\/democracy-deutschland.de\/blog\/wp-json\/wp\/v2\/users\/5"}],"replies":[{"embeddable":true,"href":"https:\/\/democracy-deutschland.de\/blog\/wp-json\/wp\/v2\/comments?post=865"}],"version-history":[{"count":1,"href":"https:\/\/democracy-deutschland.de\/blog\/wp-json\/wp\/v2\/posts\/865\/revisions"}],"predecessor-version":[{"id":872,"href":"https:\/\/democracy-deutschland.de\/blog\/wp-json\/wp\/v2\/posts\/865\/revisions\/872"}],"wp:featuredmedia":[{"embeddable":true,"href":"https:\/\/democracy-deutschland.de\/blog\/wp-json\/wp\/v2\/media\/871"}],"wp:attachment":[{"href":"https:\/\/democracy-deutschland.de\/blog\/wp-json\/wp\/v2\/media?parent=865"}],"wp:term":[{"taxonomy":"category","embeddable":true,"href":"https:\/\/democracy-deutschland.de\/blog\/wp-json\/wp\/v2\/categories?post=865"},{"taxonomy":"post_tag","embeddable":true,"href":"https:\/\/democracy-deutschland.de\/blog\/wp-json\/wp\/v2\/tags?post=865"}],"curies":[{"name":"wp","href":"https:\/\/api.w.org\/{rel}","templated":true}]}}