{"id":854,"date":"2022-04-01T20:49:00","date_gmt":"2022-04-01T18:49:00","guid":{"rendered":"https:\/\/democracy-deutschland.de\/blog\/?p=854"},"modified":"2025-02-21T14:52:16","modified_gmt":"2025-02-21T13:52:16","slug":"news-33-impfpflicht-und-12-000-euro","status":"publish","type":"post","link":"https:\/\/democracy-deutschland.de\/blog\/2022\/04\/news-33-impfpflicht-und-12-000-euro\/","title":{"rendered":"News #33 \u2013 Impfpflicht und 12.000 Euro"},"content":{"rendered":"\n<p>Hallo liebe\/r Unterst\u00fctzer:in,<\/p>\n\n\n\n<p>der Fr\u00fchling bricht an, wir versp\u00fcren Aufwind und wollen Dich mal wieder \u00fcber neue Entwicklungen rund um DEMOCRACY informieren. Es geht um den Aufschlag f\u00fcr unsere politische Bildungsarbeit, die vielleicht wichtigste Abstimmung dieser Legislaturperiode und um 12.000 Euro. Also f\u00fcr uns, an Kosten. Wieso, Weshalb und Warum erf\u00e4hrst Du gleich.<\/p>\n\n\n\n<p>Vorher noch ein Hinweis zum Newsletter-System. Wir haben aus der Community erfahren, dass bei neuer Anmeldung f\u00fcr den Newsletter auf unserer Homepage eine Fehlermeldung erscheint. Diese ist, soweit wir wissen, ein falscher Alarm, denn die Best\u00e4tigungsmail zur Anmeldung wird kurz darauf trotzdem verschickt. Das nur zur Info, falls Du unseren Newsletter weiterempfehlen m\u00f6chtest. Wir werden das Problem demn\u00e4chst angehen, da wir so oder so eine technische \u00dcberarbeitung der Website planen.<\/p>\n\n\n\n<p>Nun aber ans Eingemachte. Ich w\u00fcnsche viel Spa\u00df beim Lesen!<\/p>\n\n\n\n<p>Mit freundlichen Gr\u00fc\u00dfen<\/p>\n\n\n\n<p>Timo Sieg<\/p>\n\n\n\n<!--more-->\n\n\n\n<h2 class=\"wp-block-heading\">01 Vortrag \u2013 Die Geschichte der Demokratie<\/h2>\n\n\n\n<figure class=\"wp-block-image size-large\"><img loading=\"lazy\" decoding=\"async\" width=\"1024\" height=\"576\" src=\"https:\/\/democracy-deutschland.de\/blog\/wp-content\/uploads\/2024\/12\/34_01_Vortrag-1024x576.jpg\" alt=\"\" class=\"wp-image-844\" srcset=\"https:\/\/democracy-deutschland.de\/blog\/wp-content\/uploads\/2024\/12\/34_01_Vortrag-1024x576.jpg 1024w, https:\/\/democracy-deutschland.de\/blog\/wp-content\/uploads\/2024\/12\/34_01_Vortrag-300x169.jpg 300w, https:\/\/democracy-deutschland.de\/blog\/wp-content\/uploads\/2024\/12\/34_01_Vortrag-768x432.jpg 768w, https:\/\/democracy-deutschland.de\/blog\/wp-content\/uploads\/2024\/12\/34_01_Vortrag-900x506.jpg 900w, https:\/\/democracy-deutschland.de\/blog\/wp-content\/uploads\/2024\/12\/34_01_Vortrag.jpg 1156w\" sizes=\"auto, (max-width: 1024px) 100vw, 1024px\" \/><\/figure>\n\n\n\n<p>Wir hatten Dir bereits mitgeteilt, dass wir in Zukunft neben der DEMOCRACY App zus\u00e4tzlich in den Bereich der politischen Bildung einsteigen wollen. Den ersten Schritt daf\u00fcr ist Marius mit seinem Vortrag&nbsp;<strong>\u201cDie Geschichte der Demokratie \u2013 Zwischen Ideal und Pervertierung\u201d<\/strong>&nbsp;bei \u201cWissen ist relevant\u201d (WIR) gegangen. Darin arbeitet er von der Antike \u00fcber die Aufkl\u00e4rung bis zur Moderne das&nbsp;<strong>Wesen der Demokratie<\/strong>&nbsp;sowie Muster ihrer&nbsp;<strong>Verhinderung und Aush\u00f6hlung<\/strong>&nbsp;auf. Er kommt zu Schlussfolgerungen, die sicherlich kontrovers sind, aber essenzielle Fragen zu unserem Zusammenleben aufwerfen: Was genau ist Demokratie? Wie hat sich die Verwendung des Begriffs historisch ver\u00e4ndert und wozu dient er heute? Wer hat ein Interesse an Demokratie und wer nicht?<\/p>\n\n\n\n<p>Zu all diesen Fragen liefert Marius spannende Einordnungen und Impulse. Au\u00dferdem schafft er ein breiteres Verst\u00e4ndnis daf\u00fcr, was die DEMOCRACY App f\u00fcr uns bedeutet. Meine Empfehlung: Pflanz Dich auf die Couch oder ins Bett, schnapp Dir einen Snack und lass Dich f\u00fcr zwei Stunden auf eine frische Perspektive zur Geschichte unseres politischen Systems ein. Anschlie\u00dfend kannst Du Deine Gedanken dazu gerne in einem\u00a0<strong>Kommentar unter dem YouTube-Video<\/strong>\u00a0(wir lesen flei\u00dfig mit) oder in unserem <strong>Community-Meeting<\/strong>(siehe unten) teilen und\u00a0<strong>das Video verbreiten<\/strong>!<\/p>\n\n\n\n<p class=\"has-text-align-center\"><a href=\"https:\/\/youtu.be\/4n7APCS2hMM\"><\/a><a href=\"https:\/\/youtu.be\/4n7APCS2hMM\" target=\"_blank\" rel=\"noreferrer noopener\"><a href=\"https:\/\/web.archive.org\/web\/20240530115922\/https:\/\/www.youtube.com\/watch?v=qgZs8aJKVY4\" target=\"_blank\" rel=\"noreferrer noopener\">LINK ZUM VIDEO<\/a><\/a><\/p>\n\n\n\n<p><\/p>\n\n\n\n<h2 class=\"wp-block-heading\">02 Community-Q&amp;A zum Vortrag<\/h2>\n\n\n\n<figure class=\"wp-block-image size-large\"><img loading=\"lazy\" decoding=\"async\" width=\"1024\" height=\"527\" src=\"https:\/\/democracy-deutschland.de\/blog\/wp-content\/uploads\/2024\/12\/33_02_Community-1024x527.jpg\" alt=\"\" class=\"wp-image-856\" srcset=\"https:\/\/democracy-deutschland.de\/blog\/wp-content\/uploads\/2024\/12\/33_02_Community-1024x527.jpg 1024w, https:\/\/democracy-deutschland.de\/blog\/wp-content\/uploads\/2024\/12\/33_02_Community-300x154.jpg 300w, https:\/\/democracy-deutschland.de\/blog\/wp-content\/uploads\/2024\/12\/33_02_Community-768x395.jpg 768w, https:\/\/democracy-deutschland.de\/blog\/wp-content\/uploads\/2024\/12\/33_02_Community-900x463.jpg 900w, https:\/\/democracy-deutschland.de\/blog\/wp-content\/uploads\/2024\/12\/33_02_Community.jpg 1263w\" sizes=\"auto, (max-width: 1024px) 100vw, 1024px\" \/><\/figure>\n\n\n\n<p>Nach einem Impuls aus unserer&nbsp;<a href=\"https:\/\/web.archive.org\/web\/20240530115922\/https:\/\/discord.gg\/YxvmqAZv\">Discord-Community<\/a>&nbsp;haben wir beschlossen, ein&nbsp;<strong>Q&amp;A zu dem erw\u00e4hnten Vortrag<\/strong>&nbsp;zu veranstalten. Dadurch wollen wir&nbsp;<strong>Dich kennenlernen<\/strong>&nbsp;und Dir die M\u00f6glichkeit geben,&nbsp;<strong>Fragen und Feedback direkt an uns<\/strong>&nbsp;zu richten. Bei ausreichend Interesse wird die Veranstaltung am&nbsp;<strong>20. April ab 20 Uhr bei Zoom&nbsp;<\/strong>stattfinden.<\/p>\n\n\n\n<p>Wenn Du Zeit und Lust hast, an der Runde teilzunehmen,&nbsp;<strong>schick uns einfach eine Mail&nbsp;<\/strong>\u00fcber den folgenden Button. In diesem ersten Community-Meeting wird es ausschlie\u00dflich um den Vortrag gehen, falls Du Ideen f\u00fcr weitere Ideen und Formate hast, schick uns diese ebenfalls gerne.<\/p>\n\n\n\n<p class=\"has-text-align-center\"><a href=\"mailto:community@democracy-deutschland.de?subject=Community-Q%26A&amp;body=Hallo%20liebes%20Team%20Democracy%2C%0D%0A%0D%0Aich%20m\u00f6chte%20an%20dem%20Community-Q%26A%20am%2020.%20April%20um%2020%20Uhr%20per%20Zoom%20teilnehmen.%20Bitte%20schickt%20mir%20die%20Einladung%20an%20diese%20Mailadresse.\" data-type=\"link\" data-id=\"https:\/\/web.archive.org\/web\/20240530115922\/mailto:community@democracy-deutschland.de?subject=Community-Q%26A&amp;body=Hallo%20liebes%20Team%20Democracy%2C%0D%0A%0D%0Aich%20m\u00f6chte%20an%20dem%20Community-Q%26A%20am%2020.%20April%20um%2020%20Uhr%20per%20Zoom%20teilnehmen.%20Bitte%20schickt%20mir%20die%20Einladung%20an%20diese%20Mailadresse.\"><a href=\"https:\/\/web.archive.org\/web\/20240530115922\/mailto:community@democracy-deutschland.de?subject=Community-Q%26A&amp;body=Hallo%20liebes%20Team%20Democracy%2C%0D%0A%0D%0Aich%20m%C3%B6chte%20an%20dem%20Community-Q%26A%20am%2020.%20April%20um%2020%20Uhr%20per%20Zoom%20teilnehmen.%20Bitte%20schickt%20mir%20die%20Einladung%20an%20diese%20Mailadresse.\" target=\"_blank\" rel=\"noreferrer noopener\">MAIL AN UNS<\/a><\/a><\/p>\n\n\n\n<p><\/p>\n\n\n\n<h2 class=\"wp-block-heading\">03 Impfpflicht-Abstimmung<\/h2>\n\n\n\n<figure class=\"wp-block-image size-large\"><img loading=\"lazy\" decoding=\"async\" width=\"1024\" height=\"527\" src=\"https:\/\/democracy-deutschland.de\/blog\/wp-content\/uploads\/2024\/12\/32_03_Impfpflicht-1024x527.jpg\" alt=\"\" class=\"wp-image-855\" srcset=\"https:\/\/democracy-deutschland.de\/blog\/wp-content\/uploads\/2024\/12\/32_03_Impfpflicht-1024x527.jpg 1024w, https:\/\/democracy-deutschland.de\/blog\/wp-content\/uploads\/2024\/12\/32_03_Impfpflicht-300x154.jpg 300w, https:\/\/democracy-deutschland.de\/blog\/wp-content\/uploads\/2024\/12\/32_03_Impfpflicht-768x395.jpg 768w, https:\/\/democracy-deutschland.de\/blog\/wp-content\/uploads\/2024\/12\/32_03_Impfpflicht-1536x790.jpg 1536w, https:\/\/democracy-deutschland.de\/blog\/wp-content\/uploads\/2024\/12\/32_03_Impfpflicht-2048x1054.jpg 2048w, https:\/\/democracy-deutschland.de\/blog\/wp-content\/uploads\/2024\/12\/32_03_Impfpflicht-900x463.jpg 900w, https:\/\/democracy-deutschland.de\/blog\/wp-content\/uploads\/2024\/12\/32_03_Impfpflicht-1280x659.jpg 1280w\" sizes=\"auto, (max-width: 1024px) 100vw, 1024px\" \/><\/figure>\n\n\n\n<p>Nachdem im Bundestag die erste Lesung zur allgemeinen Impfpflicht am 17. M\u00e4rz stattfand, war die Abstimmung \u00fcber den Gesetzentwurf urspr\u00fcnglich f\u00fcr die darauffolgende Woche angesetzt. Sie wurde dann auf&nbsp;<strong>Donnerstag, den 07. April<\/strong>&nbsp;verschoben.<\/p>\n\n\n\n<p>Anfang M\u00e4rz haben wir einen Appell zum Abstimmen \u00fcber die Impfpflicht in der DEMOCRACY App auf unseren Kan\u00e4len ver\u00f6ffentlicht. Erstmals setzten wir hier auch&nbsp;<a href=\"https:\/\/web.archive.org\/web\/20240530115922\/https:\/\/t.me\/democracy_app\">Telegram<\/a>&nbsp;ein, was mit&nbsp;<a href=\"https:\/\/web.archive.org\/web\/20240530115922\/https:\/\/t.me\/democracy_app\/7\">750.000 Aufrufen auf unser Video<\/a><strong>&nbsp;<\/strong>eine<strong>massive Wirkung&nbsp;<\/strong>erzielte. Wie Du in den Top 100 der App siehst, haben bereits&nbsp;<strong>\u00fcber 60.000 User \u00fcber die allgemeine Impfpflicht abgestimmt<\/strong>, damit ist der Vorgang nicht nur auf Platz 1 dieser Legislaturperiode sondern auch in der gesamten App-Geschichte.&nbsp;<strong>Nimm auch Du an der Abstimmung teil und verbreite unseren Aufruf!<\/strong><\/p>\n\n\n\n<p class=\"has-text-align-center\"><a href=\"https:\/\/youtu.be\/4n7APCS2hMM\" target=\"_blank\" rel=\"noreferrer noopener\">AUFRUF ZUR IMPFPFLICHT-ABSTIMMUNG<\/a><\/p>\n\n\n\n<p><\/p>\n\n\n\n<h2 class=\"wp-block-heading\">04 12.000 Euro<\/h2>\n\n\n\n<figure class=\"wp-block-image size-large\"><img loading=\"lazy\" decoding=\"async\" width=\"1024\" height=\"527\" src=\"https:\/\/democracy-deutschland.de\/blog\/wp-content\/uploads\/2024\/12\/33_04_12.000-1024x527.jpg\" alt=\"\" class=\"wp-image-857\" srcset=\"https:\/\/democracy-deutschland.de\/blog\/wp-content\/uploads\/2024\/12\/33_04_12.000-1024x527.jpg 1024w, https:\/\/democracy-deutschland.de\/blog\/wp-content\/uploads\/2024\/12\/33_04_12.000-300x154.jpg 300w, https:\/\/democracy-deutschland.de\/blog\/wp-content\/uploads\/2024\/12\/33_04_12.000-768x395.jpg 768w, https:\/\/democracy-deutschland.de\/blog\/wp-content\/uploads\/2024\/12\/33_04_12.000-900x463.jpg 900w, https:\/\/democracy-deutschland.de\/blog\/wp-content\/uploads\/2024\/12\/33_04_12.000.jpg 1263w\" sizes=\"auto, (max-width: 1024px) 100vw, 1024px\" \/><\/figure>\n\n\n\n<p>Unsere Impfpflicht-Kampagne f\u00fchrte zu dem&nbsp;<strong>krassesten Zulauf an Usern, den wir je innerhalb weniger Tage erlebt haben<\/strong>. Durch die vielen SMS-Anfragen zur Verifikation waren unsere App-Server&nbsp;<strong>zwischenzeitlich \u00fcberlastet<\/strong>, ebenso wie unsere Website. Aufgrund der Probleme in der App haben auch unsere Bewertungen in den App-Stores etwas gelitten. Falls Du uns hier noch nicht bewertet hast, w\u00fcrden wir uns deshalb \u00fcber eine gute Rezension freuen, da nun alles wieder glatt l\u00e4uft und das n\u00e4chste Update andere Details wie die Anzeige der Abgeordneten fixen wird.<\/p>\n\n\n\n<p>Nun waren wir einerseits erf\u00fcllt mit Freude \u00fcber die vielen neuen User, andererseits stehen wir mit&nbsp;<strong>12.000 Euro zus\u00e4tzlichen Kosten<\/strong>&nbsp;da, weil jede Verifikations-SMS 7,2 Cent kostet. Gl\u00fccklicherweise sind auch unsere Spendeneinnahmen etwas gestiegen, trotzdem haben wir weiterhin noch nicht ausreichend monatliche Spenden, um das Projekt nachhaltig und sicher zu finanzieren.<\/p>\n\n\n\n<p>Du kannst uns hier auf verschiedenen Wegen helfen. Der beste f\u00fcr uns ist das Abschlie\u00dfen einer&nbsp;<strong>DEMOCRACY-Patenschaft<\/strong>, also eine monatliche Spende. F\u00fcr&nbsp;<strong>Einzelspenden<\/strong>&nbsp;sind wir ebenfalls sehr dankbar. Dar\u00fcber hinaus kannst Du das&nbsp;<strong>Projekt weiterempfehlen<\/strong>&nbsp;(Schreib uns f\u00fcr eine&nbsp;<a href=\"https:\/\/web.archive.org\/web\/20240530115922\/mailto:contact@democracy-deutschland.de?subject=Klappflyer-Bestellung&amp;body=Hallo%20liebes%20Team%20DEMOCRACY%2C%0D%0A%0D%0Abitte%20schickt%20mir%20100%20Klappflyer%20an%20folgende%20Adresse%3A%0D%0A%0D%0A%0D%0ALiebe%20Gr%C3%BC%C3%9Fe%0D%0A\">kostenlose Flyer-Bestellung<\/a>!) oder uns Tipps f\u00fcr&nbsp;<strong>potenzielle Gro\u00dfspender:innen<\/strong>&nbsp;zukommen lassen. Schlie\u00dflich vergr\u00f6\u00dferst Du durch&nbsp;<strong>regelm\u00e4\u00dfiges Abstimmen<\/strong>&nbsp;in der App die Community und bist Teil einer&nbsp;<strong>wachsenden basisdemokratischen Bewegung!<\/strong><\/p>\n\n\n\n<p>Wir m\u00f6chten uns an dieser Stelle wie so oft&nbsp;<strong>herzlich f\u00fcr alles bedanken<\/strong>, was Du bisher f\u00fcr DEMOCRACY getan hast. Wir haben noch viel vor!<\/p>\n\n\n\n<p class=\"has-text-align-center\"><a href=\"https:\/\/democracy-deutschland.de\/#!donate\"><a href=\"https:\/\/web.archive.org\/web\/20240530115922\/https:\/\/www.democracy-deutschland.de\/#!donate\" target=\"_blank\" rel=\"noreferrer noopener\">SPENDEN<\/a><\/a><\/p>\n\n\n\n<p><\/p>\n\n\n\n<h2 class=\"wp-block-heading\">05 Berichterstattung<\/h2>\n\n\n\n<figure class=\"wp-block-image size-large\"><img loading=\"lazy\" decoding=\"async\" width=\"1024\" height=\"527\" src=\"https:\/\/democracy-deutschland.de\/blog\/wp-content\/uploads\/2024\/12\/33_05_Berichterstattung-1024x527.jpg\" alt=\"\" class=\"wp-image-858\" srcset=\"https:\/\/democracy-deutschland.de\/blog\/wp-content\/uploads\/2024\/12\/33_05_Berichterstattung-1024x527.jpg 1024w, https:\/\/democracy-deutschland.de\/blog\/wp-content\/uploads\/2024\/12\/33_05_Berichterstattung-300x154.jpg 300w, https:\/\/democracy-deutschland.de\/blog\/wp-content\/uploads\/2024\/12\/33_05_Berichterstattung-768x395.jpg 768w, https:\/\/democracy-deutschland.de\/blog\/wp-content\/uploads\/2024\/12\/33_05_Berichterstattung-900x463.jpg 900w, https:\/\/democracy-deutschland.de\/blog\/wp-content\/uploads\/2024\/12\/33_05_Berichterstattung.jpg 1263w\" sizes=\"auto, (max-width: 1024px) 100vw, 1024px\" \/><\/figure>\n\n\n\n<p>Im Zuge der Impfpflicht-Kampagne waren wir in verschiedenen Formaten pr\u00e4sent. Marius hat in einem\u00a0<a href=\"https:\/\/web.archive.org\/web\/20240530115922\/https:\/\/www.rubikon.news\/artikel\/jede-stimme-zahlt\">Rubikon-Interview<\/a>\u00a0die<strong>\u00a0Idee hinter der App<\/strong>\u00a0erkl\u00e4rt und im\u00a0<a href=\"https:\/\/web.archive.org\/web\/20240530115922\/https:\/\/t.me\/BewegWas\/4896\">Corona-Untersuchungsausschuss<\/a>\u00a0\u00fcber\u00a0<strong>autorit\u00e4ren Neoliberalismus<\/strong>referiert. Au\u00dferdem haben wir den YouTubern \u2018Space Frogs\u2019 die Recherche f\u00fcr ihr\u00a0<a href=\"https:\/\/web.archive.org\/web\/20240530115922\/https:\/\/www.youtube.com\/watch?v=Ky6nGpWvbvQ\">Video<\/a>\u00a0\u00fcber die\u00a0<strong>Impfpflicht<\/strong>\u00a0geliefert. Weitere Berichte \u00fcber uns, etwa von der Tagesschau, dem Podcast \u2018Lage der Nation\u2019 oder dem Focus, findest du im Pressespiegel auf unserer Website.<br>Auf\u00a0<a href=\"https:\/\/web.archive.org\/web\/20240530115922\/https:\/\/www.youtube.com\/c\/DEMOCRACYDeutschlandeV\">YouTube<\/a>\u00a0sowie\u00a0<a href=\"https:\/\/web.archive.org\/web\/20240530115922\/https:\/\/twitter.com\/democracy_de\">Twitter<\/a>\u00a0und\u00a0<a href=\"https:\/\/web.archive.org\/web\/20240530115922\/https:\/\/www.instagram.com\/democracy_app\/\">Instagram<\/a>\u00a0sind wir \u00fcbrigens\u00a0<strong>nah an den 1.000 Followern<\/strong>. Wir w\u00fcrden uns freuen, wenn Du uns dabei hilfst, diese Marke zu knacken!<\/p>\n\n\n\n<p class=\"has-text-align-center\"><a href=\"https:\/\/www.democracy-deutschland.de\/#!press\"><a href=\"https:\/\/web.archive.org\/web\/20240530115922\/https:\/\/www.democracy-deutschland.de\/#!press\" target=\"_blank\" rel=\"noreferrer noopener\">PRESSESPIEGEL<\/a><\/a><\/p>\n\n\n\n<h2 class=\"wp-block-heading\">Spendenfortschritt<\/h2>\n\n\n\n<p>4.373\u20ac von&nbsp;<strong>11.510&nbsp;\u20ac<\/strong>&nbsp;(min. Finanzierungsziel\/Monat)<br><a href=\"https:\/\/web.archive.org\/web\/20240723230613\/https:\/\/www.democracy-deutschland.de\/#!donate\">Mehr Informationen zum Spendenstand<\/a><\/p>\n\n\n\n<h2 class=\"wp-block-heading\">Spendenkonto<\/h2>\n\n\n\n<p>Unsere Bankverbindung f\u00fcr direkte Spenden, \u00dcberweisungen oder Dauerauftr\u00e4ge lautet:<\/p>\n\n\n\n<p>Kontoinhaber: DEMOCRACY Deutschland e.V.<br>IBAN: DE33 5003 1000 1049 7560 00<br>BIC: TRODDEF1<\/p>\n\n\n\n<p>Der Verein DEMOCRACY Deutschland e.V. ist mit Bescheid des Finanzamts G\u00f6ttingen vom 01.10.2019 als gemeinn\u00fctziger Verein zur F\u00f6rderung des demokratischen Staatswesens sowie der Volks- und Berufsbildung offiziell anerkannt (<a href=\"https:\/\/web.archive.org\/web\/20240723230613\/https:\/\/www.democracy-deutschland.de\/files\/download\/Freistellungsbescheid.pdf\">Nachweis der Gemeinn\u00fctzigkeit<\/a>;&nbsp;<a href=\"https:\/\/web.archive.org\/web\/20240723230613\/https:\/\/www.democracy-deutschland.de\/files\/download\/Satzung_DEMOCRACY.pdf\">Satzung<\/a>). Ihre Spenden sind daher steuerlich abzugsf\u00e4hig. F\u00fcr Spenden unter 200\u20ac j\u00e4hrlich gen\u00fcgt der Zahlungsnachweis (z. B. Kontoauszug) zusammen mit unserem&nbsp;<a href=\"https:\/\/web.archive.org\/web\/20240723230613\/https:\/\/www.democracy-deutschland.de\/files\/download\/Vereinfachter_Zuwendungsnachweis_2019.pdf\">Vereinfachten Zuwendungsnachweis<\/a>. Wenn Sie eine separate Zuwendungsbest\u00e4tigung ben\u00f6tigen, schreiben Sie uns bitte eine E-Mail oder geben Sie in Ihrer \u00dcberweisung Ihre Wohnadresse an.<\/p>\n\n\n\n<h2 class=\"wp-block-heading\">Der Verein<\/h2>\n\n\n\n<p>DEMOCRACY Deutschland e.V. (gemeinn\u00fctzig)<br>Industriestra\u00dfe 10<br>37079 G\u00f6ttingen<br>Telefon: +49 176 470 40 213<br>E-Mail:&nbsp;<a href=\"https:\/\/web.archive.org\/web\/20240723230613\/mailto:contact@democracy-deutschland.de\">contact@democracy-deutschland.de<\/a><\/p>\n\n\n\n<p><a href=\"https:\/\/web.archive.org\/web\/20240723230613\/https:\/\/www.facebook.com\/democracygermany\/\">Facebook<\/a>,&nbsp;<a href=\"https:\/\/web.archive.org\/web\/20240723230613\/https:\/\/twitter.com\/democracy_de\">Twitter<\/a>,&nbsp;<a href=\"https:\/\/web.archive.org\/web\/20240723230613\/https:\/\/www.instagram.com\/democracy_app\/\">Instagram<\/a>,&nbsp;<a href=\"https:\/\/web.archive.org\/web\/20240723230613\/https:\/\/www.youtube.com\/channel\/UC2R4cGTq1LjFZ2DvDaVhDyg\">YouTube<\/a>,&nbsp;<a href=\"https:\/\/web.archive.org\/web\/20240723230613\/https:\/\/github.com\/demokratie-live\/\">GitHub<\/a>,&nbsp;<a href=\"https:\/\/web.archive.org\/web\/20240723230613\/https:\/\/discord.gg\/Pdu3ZEV\">Discord<\/a><br><a href=\"https:\/\/web.archive.org\/web\/20240723230613\/https:\/\/www.democracy-deutschland.de\/#!nutzungsbedingungen\">Nutzungsbedingungen<\/a>,&nbsp;<a href=\"https:\/\/web.archive.org\/web\/20240723230613\/https:\/\/www.democracy-deutschland.de\/#!datenschutz\">Datenschutz<\/a><\/p>\n","protected":false},"excerpt":{"rendered":"<p>Hallo liebe\/r Unterst\u00fctzer:in, der Fr\u00fchling bricht an, wir versp\u00fcren Aufwind und wollen Dich mal wieder \u00fcber neue Entwicklungen rund um DEMOCRACY informieren. Es geht um den Aufschlag f\u00fcr unsere politische Bildungsarbeit, die vielleicht wichtigste Abstimmung dieser Legislaturperiode und um 12.000 Euro. Also f\u00fcr uns, an Kosten. Wieso, Weshalb und Warum erf\u00e4hrst Du gleich. Vorher noch [&hellip;]<\/p>\n","protected":false},"author":5,"featured_media":859,"comment_status":"closed","ping_status":"closed","sticky":false,"template":"","format":"standard","meta":{"footnotes":""},"categories":[2],"tags":[],"class_list":["post-854","post","type-post","status-publish","format-standard","has-post-thumbnail","hentry","category-newsletter"],"_links":{"self":[{"href":"https:\/\/democracy-deutschland.de\/blog\/wp-json\/wp\/v2\/posts\/854","targetHints":{"allow":["GET"]}}],"collection":[{"href":"https:\/\/democracy-deutschland.de\/blog\/wp-json\/wp\/v2\/posts"}],"about":[{"href":"https:\/\/democracy-deutschland.de\/blog\/wp-json\/wp\/v2\/types\/post"}],"author":[{"embeddable":true,"href":"https:\/\/democracy-deutschland.de\/blog\/wp-json\/wp\/v2\/users\/5"}],"replies":[{"embeddable":true,"href":"https:\/\/democracy-deutschland.de\/blog\/wp-json\/wp\/v2\/comments?post=854"}],"version-history":[{"count":1,"href":"https:\/\/democracy-deutschland.de\/blog\/wp-json\/wp\/v2\/posts\/854\/revisions"}],"predecessor-version":[{"id":860,"href":"https:\/\/democracy-deutschland.de\/blog\/wp-json\/wp\/v2\/posts\/854\/revisions\/860"}],"wp:featuredmedia":[{"embeddable":true,"href":"https:\/\/democracy-deutschland.de\/blog\/wp-json\/wp\/v2\/media\/859"}],"wp:attachment":[{"href":"https:\/\/democracy-deutschland.de\/blog\/wp-json\/wp\/v2\/media?parent=854"}],"wp:term":[{"taxonomy":"category","embeddable":true,"href":"https:\/\/democracy-deutschland.de\/blog\/wp-json\/wp\/v2\/categories?post=854"},{"taxonomy":"post_tag","embeddable":true,"href":"https:\/\/democracy-deutschland.de\/blog\/wp-json\/wp\/v2\/tags?post=854"}],"curies":[{"name":"wp","href":"https:\/\/api.w.org\/{rel}","templated":true}]}}