{"id":828,"date":"2022-12-19T20:19:00","date_gmt":"2022-12-19T19:19:00","guid":{"rendered":"https:\/\/democracy-deutschland.de\/blog\/?p=828"},"modified":"2025-02-21T14:53:05","modified_gmt":"2025-02-21T13:53:05","slug":"news-35-weihnachtsbrief-22","status":"publish","type":"post","link":"https:\/\/democracy-deutschland.de\/blog\/2022\/12\/news-35-weihnachtsbrief-22\/","title":{"rendered":"News #35 \u2013 Weihnachtsbrief \u201922"},"content":{"rendered":"\n<p>Hallo lieber Unterst\u00fctzer,&nbsp;<\/p>\n\n\n\n<p>Weihnachten steht vor der T\u00fcr! Auch das Jahr 2022 neigt sich dem Ende entgegen.<br><br>Ich m\u00f6chte diesen Weihnachtsbrief nutzen, um mit Dir zu rekapitulieren, was wir in den letzten 12 Monaten gemeinsam erreicht haben. Allen voran aber m\u00f6chte ich Dir danken: f\u00fcr Deinen Glauben an das Projekt, Deine finanzielle Unterst\u00fctzung und die Beharrlichkeit, DEMOCRACY bei Deinen N\u00e4chsten zu verbreiten.<\/p>\n\n\n\n<p>Viel Spa\u00df beim Lesen,<\/p>\n\n\n\n<p>Dein Marius Kr\u00fcger<\/p>\n\n\n\n<!--more-->\n\n\n\n<h2 class=\"wp-block-heading\">01 Kampagne gegen die Impfpflicht<\/h2>\n\n\n\n<figure class=\"wp-block-image size-large\"><img loading=\"lazy\" decoding=\"async\" width=\"1024\" height=\"527\" src=\"https:\/\/democracy-deutschland.de\/blog\/wp-content\/uploads\/2024\/12\/32_03_Impfpflicht-1024x527.jpg\" alt=\"\" class=\"wp-image-855\" srcset=\"https:\/\/democracy-deutschland.de\/blog\/wp-content\/uploads\/2024\/12\/32_03_Impfpflicht-1024x527.jpg 1024w, https:\/\/democracy-deutschland.de\/blog\/wp-content\/uploads\/2024\/12\/32_03_Impfpflicht-300x154.jpg 300w, https:\/\/democracy-deutschland.de\/blog\/wp-content\/uploads\/2024\/12\/32_03_Impfpflicht-768x395.jpg 768w, https:\/\/democracy-deutschland.de\/blog\/wp-content\/uploads\/2024\/12\/32_03_Impfpflicht-1536x790.jpg 1536w, https:\/\/democracy-deutschland.de\/blog\/wp-content\/uploads\/2024\/12\/32_03_Impfpflicht-2048x1054.jpg 2048w, https:\/\/democracy-deutschland.de\/blog\/wp-content\/uploads\/2024\/12\/32_03_Impfpflicht-900x463.jpg 900w, https:\/\/democracy-deutschland.de\/blog\/wp-content\/uploads\/2024\/12\/32_03_Impfpflicht-1280x659.jpg 1280w\" sizes=\"auto, (max-width: 1024px) 100vw, 1024px\" \/><\/figure>\n\n\n\n<p><strong>Anfang<\/strong>&nbsp;<strong>M\u00e4rz 2021<\/strong>&nbsp;ver\u00f6ffentlichten wir den&nbsp;<strong>Appell<\/strong>, mithilfe der DEMOCRACY App&nbsp;<strong>\u00fcber<\/strong>&nbsp;die vom Bundestag angestrebte<strong>&nbsp;Impfpflicht abzustimmen<\/strong>. Zur Verbreitung unseres Appells&nbsp; setzten wir erstmalig auch den Peer-to-Peer-Messengerdienst Telegram ein \u2013 mit einer bemerkenswerten Wirkung. Innerhalb von wenigen Tagen erreichte das Video dort&nbsp;<a href=\"https:\/\/web.archive.org\/web\/20240723230613\/https:\/\/t.me\/democracy_app\/7\">750.000 Aufrufe<\/a>&nbsp;und katapultierte die DEMOCRACY App in die Download-Charts der App-Stores. Wir hatten uns als Initiative nach intensiven Debatten entschieden&nbsp;<a href=\"https:\/\/web.archive.org\/web\/20240723230613\/https:\/\/www.democracy-deutschland.de\/blog\/2022\/03\/12\/impfpflicht-die-entsorgung-der-menschenrechte\/\">gegen eine Impfpflicht positioniert<\/a>.<\/p>\n\n\n\n<p class=\"has-text-align-center\"><a href=\"https:\/\/youtu.be\/4n7APCS2hMM\"><a href=\"https:\/\/web.archive.org\/web\/20240723230613\/https:\/\/youtu.be\/4n7APCS2hMM\" target=\"_blank\" rel=\"noreferrer noopener\">ZUM APPELL<\/a><\/a><\/p>\n\n\n\n<p><\/p>\n\n\n\n<h2 class=\"wp-block-heading\">02 Vortrag: Die Geschichte der Demokratie<\/h2>\n\n\n\n<figure class=\"wp-block-image size-large\"><img loading=\"lazy\" decoding=\"async\" width=\"1024\" height=\"576\" src=\"https:\/\/democracy-deutschland.de\/blog\/wp-content\/uploads\/2024\/12\/35_02_Vortrag1-1024x576.jpg\" alt=\"\" class=\"wp-image-830\" srcset=\"https:\/\/democracy-deutschland.de\/blog\/wp-content\/uploads\/2024\/12\/35_02_Vortrag1-1024x576.jpg 1024w, https:\/\/democracy-deutschland.de\/blog\/wp-content\/uploads\/2024\/12\/35_02_Vortrag1-300x169.jpg 300w, https:\/\/democracy-deutschland.de\/blog\/wp-content\/uploads\/2024\/12\/35_02_Vortrag1-768x432.jpg 768w, https:\/\/democracy-deutschland.de\/blog\/wp-content\/uploads\/2024\/12\/35_02_Vortrag1-900x506.jpg 900w, https:\/\/democracy-deutschland.de\/blog\/wp-content\/uploads\/2024\/12\/35_02_Vortrag1.jpg 1156w\" sizes=\"auto, (max-width: 1024px) 100vw, 1024px\" \/><\/figure>\n\n\n\n<p>Kurz darauf,&nbsp;<strong>Ende M\u00e4rz<\/strong>, ging der&nbsp;<strong>erste<\/strong>&nbsp;inhaltliche&nbsp;<strong>Vortrag<\/strong>&nbsp;unserer neu begr\u00fcndeten Sparte zur Demokratieforschung und -aufkl\u00e4rung online:&nbsp;<\/p>\n\n\n\n<p><strong>Die Geschichte der Demokratie \u2013 Zwischen Ideal und Pervertierung.<\/strong><\/p>\n\n\n\n<p><strong>&nbsp;<\/strong><br>Der Vortrag ist eine systematische Analyse \u00fcber die Lage unserer \u2018Demokratie\u2019. Er besch\u00e4ftigt sich damit, was mit Demokratie im eigentlichen Sinne gemeint ist und wie das Konzept in der Gegenwart einer Pervertierung anheimgefallen ist.<\/p>\n\n\n\n<p class=\"has-text-align-center\"><a href=\"https:\/\/www.democracy-deutschland.de\/#!contact\">VORTRAG ANSEHEN<\/a><\/p>\n\n\n\n<p><\/p>\n\n\n\n<h2 class=\"wp-block-heading\">03 Vortrag: Demokratie zwischen Innen und Au\u00dfen<\/h2>\n\n\n\n<figure class=\"wp-block-image size-large\"><img loading=\"lazy\" decoding=\"async\" width=\"1024\" height=\"576\" src=\"https:\/\/democracy-deutschland.de\/blog\/wp-content\/uploads\/2024\/12\/35_03_Vortrag2-1024x576.jpg\" alt=\"\" class=\"wp-image-831\" srcset=\"https:\/\/democracy-deutschland.de\/blog\/wp-content\/uploads\/2024\/12\/35_03_Vortrag2-1024x576.jpg 1024w, https:\/\/democracy-deutschland.de\/blog\/wp-content\/uploads\/2024\/12\/35_03_Vortrag2-300x169.jpg 300w, https:\/\/democracy-deutschland.de\/blog\/wp-content\/uploads\/2024\/12\/35_03_Vortrag2-768x432.jpg 768w, https:\/\/democracy-deutschland.de\/blog\/wp-content\/uploads\/2024\/12\/35_03_Vortrag2-900x506.jpg 900w, https:\/\/democracy-deutschland.de\/blog\/wp-content\/uploads\/2024\/12\/35_03_Vortrag2.jpg 1156w\" sizes=\"auto, (max-width: 1024px) 100vw, 1024px\" \/><\/figure>\n\n\n\n<p>Nach viel positivem Feedback f\u00fcr den ersten Vortrag haben wir im&nbsp;<strong>Juni<\/strong>&nbsp;einen&nbsp;<strong>zweiten Teil<\/strong>&nbsp;abgedreht:<br><br><strong>Demokratie \u2013 Zwischen Innen und Au\u00dfen.&nbsp;<\/strong><\/p>\n\n\n\n<p>Der zweite Vortrag besch\u00e4ftigt sich \u2013 aufbauend auf der Analyse des ersten Vortrages, dass wir zwar dem Namen nach in einer \u201erepr\u00e4sentativen\u201c, dem Wesen nach aber nicht unbedingt in einer \u201eDemokratie\u201c leben&nbsp; \u2013 damit, warum wir in keiner Demokratie leben und was wir daran \u00e4ndern k\u00f6nnen.<\/p>\n\n\n\n<p class=\"has-text-align-center\"><a href=\"https:\/\/wissen-ist-relevant.com\/vortrage\/marius-krueger-demokratie-zwischen-innen-und-aussen\/\">VORTRAG ANSEHEN<\/a><\/p>\n\n\n\n<p><\/p>\n\n\n\n<h2 class=\"wp-block-heading\">04 Buch: Eine kleine Geschichte der Demokratie<\/h2>\n\n\n\n<figure class=\"wp-block-image size-large\"><img loading=\"lazy\" decoding=\"async\" width=\"1024\" height=\"576\" src=\"https:\/\/democracy-deutschland.de\/blog\/wp-content\/uploads\/2024\/12\/35_04_KlGdDem-1024x576.jpg\" alt=\"\" class=\"wp-image-832\" srcset=\"https:\/\/democracy-deutschland.de\/blog\/wp-content\/uploads\/2024\/12\/35_04_KlGdDem-1024x576.jpg 1024w, https:\/\/democracy-deutschland.de\/blog\/wp-content\/uploads\/2024\/12\/35_04_KlGdDem-300x169.jpg 300w, https:\/\/democracy-deutschland.de\/blog\/wp-content\/uploads\/2024\/12\/35_04_KlGdDem-768x432.jpg 768w, https:\/\/democracy-deutschland.de\/blog\/wp-content\/uploads\/2024\/12\/35_04_KlGdDem-900x506.jpg 900w, https:\/\/democracy-deutschland.de\/blog\/wp-content\/uploads\/2024\/12\/35_04_KlGdDem.jpg 1156w\" sizes=\"auto, (max-width: 1024px) 100vw, 1024px\" \/><\/figure>\n\n\n\n<p>Die wesentliche Erkenntnis beider Vortr\u00e4ge ist, dass Demokratie und Kapitalismus nicht miteinander vereinbar sind. Ein&nbsp;<a href=\"https:\/\/web.archive.org\/web\/20240723230613\/https:\/\/www.oval.media\/ee5eeb22-8309-4799-b365-1f5a14f0a2b1\/\">2 \u00be-st\u00fcndiges Interview<\/a>, das ich im Mai dazu gef\u00fchrt habe, die Idee einer Berliner Illustratorin und das&nbsp;<strong>Buch \u201eEine kleine Geschichte der Demokratie\u201c<\/strong>&nbsp;war so gut wie gedruckt.&nbsp;<\/p>\n\n\n\n<p>Was sich hier in der Aufmachung eines Kinderbuchs tarnt, kann in jedem Alter dazu dienen, die Mechanismen zu hinterfragen, die uns t\u00e4glich lenken und leiten.<br>\u201eEine kleine Geschichte der Demokratie\u201c ist das perfekte Weihnachtsgeschenk f\u00fcr all die Menschen, mit denen man gerne intensiver spricht und jene, mit denen man sich endlich mal wieder richtig unterhalten m\u00f6chte.<br>&nbsp;<br>Das Buch ist am 14.12.2022 mitsamt einer&nbsp;<a href=\"https:\/\/web.archive.org\/web\/20240723230613\/https:\/\/www.oval.media\/narrative-123-marius-krueger-christine-stiller\/\">NARRATIVE-Folge<\/a>&nbsp;erschienen.<\/p>\n\n\n\n<p class=\"has-text-align-center\"><a href=\"https:\/\/shop.oval.media\/produkt\/eine-kleine-geschichte-der-demokratie\/\">BUCH KAUFEN<\/a><\/p>\n\n\n\n<p><\/p>\n\n\n\n<h2 class=\"wp-block-heading\">05 Neue App und Server-Infrastruktur<\/h2>\n\n\n\n<figure class=\"wp-block-image size-large\"><img loading=\"lazy\" decoding=\"async\" width=\"1024\" height=\"576\" src=\"https:\/\/democracy-deutschland.de\/blog\/wp-content\/uploads\/2024\/12\/35_05_500k-1024x576.jpg\" alt=\"\" class=\"wp-image-833\" srcset=\"https:\/\/democracy-deutschland.de\/blog\/wp-content\/uploads\/2024\/12\/35_05_500k-1024x576.jpg 1024w, https:\/\/democracy-deutschland.de\/blog\/wp-content\/uploads\/2024\/12\/35_05_500k-300x169.jpg 300w, https:\/\/democracy-deutschland.de\/blog\/wp-content\/uploads\/2024\/12\/35_05_500k-768x432.jpg 768w, https:\/\/democracy-deutschland.de\/blog\/wp-content\/uploads\/2024\/12\/35_05_500k-900x506.jpg 900w, https:\/\/democracy-deutschland.de\/blog\/wp-content\/uploads\/2024\/12\/35_05_500k.jpg 1156w\" sizes=\"auto, (max-width: 1024px) 100vw, 1024px\" \/><\/figure>\n\n\n\n<p>Neben den vielen neuen Bet\u00e4tigungsfeldern sind wir mit unserem Kernprodukt auch riesige Schritte vorangekommen:&nbsp;<\/p>\n\n\n\n<p>In 2022 hat die&nbsp;<strong>DEMOCRACY App<\/strong>&nbsp;die magische Grenze von&nbsp;<strong>500.000 Downloads&nbsp;<\/strong>geknackt.&nbsp;<\/p>\n\n\n\n<p>Aktuell stehen wir bei in Summe mehr als 530.000 Downloads in App- und Play Store.&nbsp;<\/p>\n\n\n\n<p>Um f\u00fcr diese Gr\u00f6\u00dfenordnungen noch besser aufgestellt zu sein, \u00fcberarbeiten wir in den kommenden Monaten unsere Infrastruktur.<\/p>\n\n\n\n<p class=\"has-text-align-center\"><a href=\"https:\/\/www.democracy-deutschland.de\/#!donate\">\u00dcBERARBEITUNG UNTERST\u00dcTZEN<\/a><\/p>\n\n\n\n<h2 class=\"wp-block-heading\">Spendenfortschritt<\/h2>\n\n\n\n<p>4.373\u20ac von&nbsp;<strong>11.510&nbsp;\u20ac<\/strong>&nbsp;(min. Finanzierungsziel\/Monat)<br><a href=\"https:\/\/web.archive.org\/web\/20240723230613\/https:\/\/www.democracy-deutschland.de\/#!donate\">Mehr Informationen zum Spendenstand<\/a><\/p>\n\n\n\n<h2 class=\"wp-block-heading\">Spendenkonto<\/h2>\n\n\n\n<p>Unsere Bankverbindung f\u00fcr direkte Spenden, \u00dcberweisungen oder Dauerauftr\u00e4ge lautet:<\/p>\n\n\n\n<p>Kontoinhaber: DEMOCRACY Deutschland e.V.<br>IBAN: DE33 5003 1000 1049 7560 00<br>BIC: TRODDEF1<\/p>\n\n\n\n<p>Der Verein DEMOCRACY Deutschland e.V. ist mit Bescheid des Finanzamts G\u00f6ttingen vom 01.10.2019 als gemeinn\u00fctziger Verein zur F\u00f6rderung des demokratischen Staatswesens sowie der Volks- und Berufsbildung offiziell anerkannt (<a href=\"https:\/\/web.archive.org\/web\/20240723230613\/https:\/\/www.democracy-deutschland.de\/files\/download\/Freistellungsbescheid.pdf\">Nachweis der Gemeinn\u00fctzigkeit<\/a>;&nbsp;<a href=\"https:\/\/web.archive.org\/web\/20240723230613\/https:\/\/www.democracy-deutschland.de\/files\/download\/Satzung_DEMOCRACY.pdf\">Satzung<\/a>). Ihre Spenden sind daher steuerlich abzugsf\u00e4hig. F\u00fcr Spenden unter 200\u20ac j\u00e4hrlich gen\u00fcgt der Zahlungsnachweis (z. B. Kontoauszug) zusammen mit unserem&nbsp;<a href=\"https:\/\/web.archive.org\/web\/20240723230613\/https:\/\/www.democracy-deutschland.de\/files\/download\/Vereinfachter_Zuwendungsnachweis_2019.pdf\">Vereinfachten Zuwendungsnachweis<\/a>. Wenn Sie eine separate Zuwendungsbest\u00e4tigung ben\u00f6tigen, schreiben Sie uns bitte eine E-Mail oder geben Sie in Ihrer \u00dcberweisung Ihre Wohnadresse an.<\/p>\n\n\n\n<h2 class=\"wp-block-heading\">Der Verein<\/h2>\n\n\n\n<p>DEMOCRACY Deutschland e.V. (gemeinn\u00fctzig)<br>Industriestra\u00dfe 10<br>37079 G\u00f6ttingen<br>Telefon: +49 176 470 40 213<br>E-Mail:&nbsp;<a href=\"https:\/\/web.archive.org\/web\/20240723230613\/mailto:contact@democracy-deutschland.de\">contact@democracy-deutschland.de<\/a><\/p>\n\n\n\n<p><a href=\"https:\/\/web.archive.org\/web\/20240723230613\/https:\/\/www.facebook.com\/democracygermany\/\">Facebook<\/a>,&nbsp;<a href=\"https:\/\/web.archive.org\/web\/20240723230613\/https:\/\/twitter.com\/democracy_de\">Twitter<\/a>,&nbsp;<a href=\"https:\/\/web.archive.org\/web\/20240723230613\/https:\/\/www.instagram.com\/democracy_app\/\">Instagram<\/a>,&nbsp;<a href=\"https:\/\/web.archive.org\/web\/20240723230613\/https:\/\/www.youtube.com\/channel\/UC2R4cGTq1LjFZ2DvDaVhDyg\">YouTube<\/a>,&nbsp;<a href=\"https:\/\/web.archive.org\/web\/20240723230613\/https:\/\/github.com\/demokratie-live\/\">GitHub<\/a>,&nbsp;<a href=\"https:\/\/web.archive.org\/web\/20240723230613\/https:\/\/discord.gg\/Pdu3ZEV\">Discord<\/a><br><a href=\"https:\/\/web.archive.org\/web\/20240723230613\/https:\/\/www.democracy-deutschland.de\/#!nutzungsbedingungen\">Nutzungsbedingungen<\/a>,&nbsp;<a href=\"https:\/\/web.archive.org\/web\/20240723230613\/https:\/\/www.democracy-deutschland.de\/#!datenschutz\">Datenschutz<\/a><\/p>\n","protected":false},"excerpt":{"rendered":"<p>Hallo lieber Unterst\u00fctzer,&nbsp; Weihnachten steht vor der T\u00fcr! Auch das Jahr 2022 neigt sich dem Ende entgegen. Ich m\u00f6chte diesen Weihnachtsbrief nutzen, um mit Dir zu rekapitulieren, was wir in den letzten 12 Monaten gemeinsam erreicht haben. Allen voran aber m\u00f6chte ich Dir danken: f\u00fcr Deinen Glauben an das Projekt, Deine finanzielle Unterst\u00fctzung und die [&hellip;]<\/p>\n","protected":false},"author":3,"featured_media":834,"comment_status":"closed","ping_status":"closed","sticky":false,"template":"","format":"standard","meta":{"footnotes":""},"categories":[2],"tags":[],"class_list":["post-828","post","type-post","status-publish","format-standard","has-post-thumbnail","hentry","category-newsletter"],"_links":{"self":[{"href":"https:\/\/democracy-deutschland.de\/blog\/wp-json\/wp\/v2\/posts\/828","targetHints":{"allow":["GET"]}}],"collection":[{"href":"https:\/\/democracy-deutschland.de\/blog\/wp-json\/wp\/v2\/posts"}],"about":[{"href":"https:\/\/democracy-deutschland.de\/blog\/wp-json\/wp\/v2\/types\/post"}],"author":[{"embeddable":true,"href":"https:\/\/democracy-deutschland.de\/blog\/wp-json\/wp\/v2\/users\/3"}],"replies":[{"embeddable":true,"href":"https:\/\/democracy-deutschland.de\/blog\/wp-json\/wp\/v2\/comments?post=828"}],"version-history":[{"count":2,"href":"https:\/\/democracy-deutschland.de\/blog\/wp-json\/wp\/v2\/posts\/828\/revisions"}],"predecessor-version":[{"id":861,"href":"https:\/\/democracy-deutschland.de\/blog\/wp-json\/wp\/v2\/posts\/828\/revisions\/861"}],"wp:featuredmedia":[{"embeddable":true,"href":"https:\/\/democracy-deutschland.de\/blog\/wp-json\/wp\/v2\/media\/834"}],"wp:attachment":[{"href":"https:\/\/democracy-deutschland.de\/blog\/wp-json\/wp\/v2\/media?parent=828"}],"wp:term":[{"taxonomy":"category","embeddable":true,"href":"https:\/\/democracy-deutschland.de\/blog\/wp-json\/wp\/v2\/categories?post=828"},{"taxonomy":"post_tag","embeddable":true,"href":"https:\/\/democracy-deutschland.de\/blog\/wp-json\/wp\/v2\/tags?post=828"}],"curies":[{"name":"wp","href":"https:\/\/api.w.org\/{rel}","templated":true}]}}