{"id":800,"date":"2024-12-14T19:40:15","date_gmt":"2024-12-14T18:40:15","guid":{"rendered":"https:\/\/democracy-deutschland.de\/blog\/?p=800"},"modified":"2025-02-21T14:53:49","modified_gmt":"2025-02-21T13:53:49","slug":"news-37-weihnachtsbrief-24","status":"publish","type":"post","link":"https:\/\/democracy-deutschland.de\/blog\/2024\/12\/news-37-weihnachtsbrief-24\/","title":{"rendered":"News #37 \u2013 Weihnachtsbrief &#8217;24"},"content":{"rendered":"\n<p>Hallo lieber Unterst\u00fctzer,<\/p>\n\n\n\n<p>genau ein Jahr ist es her, seit ich Dir das letzte Mal geschrieben habe. Ich m\u00f6chte diesen Weihnachtsbrief nutzen, um Dir zusammenzufassen, was in 2024 passiert ist und wie es mit DEMOCRACY weitergeht.<\/p>\n\n\n\n<p>Ein frohes Fest, einen guten Rutsch und viel Spa\u00df beim Lesen,<\/p>\n\n\n\n<p>Dein Marius Kr\u00fcger<\/p>\n\n\n\n<!--more-->\n\n\n\n<h2 class=\"wp-block-heading\">01 Vergeblicher Spendenaufruf<\/h2>\n\n\n\n<figure class=\"wp-block-image size-large\"><img loading=\"lazy\" decoding=\"async\" width=\"1024\" height=\"576\" src=\"https:\/\/democracy-deutschland.de\/blog\/wp-content\/uploads\/2024\/12\/image-1024x576.png\" alt=\"\" class=\"wp-image-801\" srcset=\"https:\/\/democracy-deutschland.de\/blog\/wp-content\/uploads\/2024\/12\/image-1024x576.png 1024w, https:\/\/democracy-deutschland.de\/blog\/wp-content\/uploads\/2024\/12\/image-300x169.png 300w, https:\/\/democracy-deutschland.de\/blog\/wp-content\/uploads\/2024\/12\/image-768x432.png 768w, https:\/\/democracy-deutschland.de\/blog\/wp-content\/uploads\/2024\/12\/image-900x506.png 900w, https:\/\/democracy-deutschland.de\/blog\/wp-content\/uploads\/2024\/12\/image.png 1156w\" sizes=\"auto, (max-width: 1024px) 100vw, 1024px\" \/><\/figure>\n\n\n\n<p>Am 18. Januar 2023 wandte ich mich an die \u00d6ffentlichkeit mit einem dringlichen&nbsp;<a href=\"https:\/\/youtu.be\/lWr_wpEzU_E?si=B3oUhxxRhiMyInCh\"><strong>Spendenaufruf<\/strong><\/a>. Wie viele andere gemeinn\u00fctzige Organisationen verzeichneten wir Ende 2022 einen massiven (u.a. inflationsbedingten) Spendenr\u00fcckgang von fast 50%, der den Weiterbetrieb der DEMOCRACY App gef\u00e4hrdete.&nbsp;<\/p>\n\n\n\n<p>Leider hat sich dieser&nbsp;<strong>Spendenr\u00fcckgang<\/strong>&nbsp;in 2023 und 2024&nbsp;<strong>fortgesetzt<\/strong>&nbsp;(aktueller Stand: 75% R\u00fcckgang), sodass ich im Interesse der Organisation die <strong>Entscheidung getroffen<\/strong>&nbsp;habe, u.a. mein seit 6,5 Jahren bestehendes hauptamtliches Arbeitsverh\u00e4ltnis mit DEMOCRACY Deutschland e.V. zu beenden.<\/p>\n\n\n\n<p>Ich erhoffe mir, mit diesem Schritt dazu beizutragen, DEMOCRACY als Service erhalten zu k\u00f6nnen.<\/p>\n\n\n\n<p class=\"has-text-align-center\"><a href=\"https:\/\/youtu.be\/lWr_wpEzU_E\">SPENDEN-APPELL<\/a><\/p>\n\n\n\n<p><\/p>\n\n\n\n<h2 class=\"wp-block-heading\">02&nbsp;Wie geht es weiter?<\/h2>\n\n\n\n<figure class=\"wp-block-image size-large\"><img loading=\"lazy\" decoding=\"async\" width=\"1024\" height=\"576\" src=\"https:\/\/democracy-deutschland.de\/blog\/wp-content\/uploads\/2024\/12\/image-1-1024x576.png\" alt=\"\" class=\"wp-image-802\" srcset=\"https:\/\/democracy-deutschland.de\/blog\/wp-content\/uploads\/2024\/12\/image-1-1024x576.png 1024w, https:\/\/democracy-deutschland.de\/blog\/wp-content\/uploads\/2024\/12\/image-1-300x169.png 300w, https:\/\/democracy-deutschland.de\/blog\/wp-content\/uploads\/2024\/12\/image-1-768x432.png 768w, https:\/\/democracy-deutschland.de\/blog\/wp-content\/uploads\/2024\/12\/image-1-900x506.png 900w, https:\/\/democracy-deutschland.de\/blog\/wp-content\/uploads\/2024\/12\/image-1.png 1156w\" sizes=\"auto, (max-width: 1024px) 100vw, 1024px\" \/><\/figure>\n\n\n\n<p>Du fragst Dich jetzt sicherlich: Wie geht es weiter? Hat die Initiative noch eine Chance, wenn Du nicht mehr Vollzeit bei DEMOCRACY arbeitest?<\/p>\n\n\n\n<p>Meine Antwort: Ja, denn Manuel und ich bleiben der Organisation ehrenamtlich respektive als Geringf\u00fcgig-Besch\u00e4ftigte erhalten.&nbsp;<\/p>\n\n\n\n<p><strong>Die Arbeit an DEMOCRACY geht<\/strong>&nbsp;insofern&nbsp;<strong>weiter, wenn auch mit deutlich weniger zeitlichen Ressourcen<\/strong>&nbsp;und dementsprechender Konzentration auf das Wesentliche.&nbsp;<\/p>\n\n\n\n<p>F\u00fcr uns ist das:<\/p>\n\n\n\n<ol class=\"wp-block-list\">\n<li>die Erhaltung des Services (d.h. Redaktion, Wartung und Reparatur)<\/li>\n\n\n\n<li>kleine, machbare Weiterentwicklungen<\/li>\n<\/ol>\n\n\n\n<p>Wie Du vielleicht gesehen hast, haben wir alle anderen Aktivit\u00e4ten auf ein Minimum reduziert. Ich hoffe, das ist okay f\u00fcr Dich.<\/p>\n\n\n\n<p class=\"has-text-align-center\"><a href=\"https:\/\/www.democracy-deutschland.de\/#!contact\">W\u00dcNSCHE<\/a><\/p>\n\n\n\n<p><\/p>\n\n\n\n<h2 class=\"wp-block-heading\">03 Danke, Elisa!<\/h2>\n\n\n\n<figure class=\"wp-block-image size-large\"><img loading=\"lazy\" decoding=\"async\" width=\"1024\" height=\"576\" src=\"https:\/\/democracy-deutschland.de\/blog\/wp-content\/uploads\/2024\/12\/image-2-1024x576.png\" alt=\"\" class=\"wp-image-803\" srcset=\"https:\/\/democracy-deutschland.de\/blog\/wp-content\/uploads\/2024\/12\/image-2-1024x576.png 1024w, https:\/\/democracy-deutschland.de\/blog\/wp-content\/uploads\/2024\/12\/image-2-300x169.png 300w, https:\/\/democracy-deutschland.de\/blog\/wp-content\/uploads\/2024\/12\/image-2-768x432.png 768w, https:\/\/democracy-deutschland.de\/blog\/wp-content\/uploads\/2024\/12\/image-2-900x506.png 900w, https:\/\/democracy-deutschland.de\/blog\/wp-content\/uploads\/2024\/12\/image-2.png 1156w\" sizes=\"auto, (max-width: 1024px) 100vw, 1024px\" \/><\/figure>\n\n\n\n<p>Von den drastischen finanziellen Einbu\u00dfen ebenfalls&nbsp;<strong>betroffen ist auch<\/strong>&nbsp;unsere langj\u00e4hrige Administrations-, Kommunikations- und Buchhaltungsmitarbeiterin&nbsp;<strong>Elisa Menne<\/strong>. Nach l\u00e4ngerem Hoffen auf Besserung&nbsp;<strong>mussten<\/strong>&nbsp;wir Ende Oktober schweren Herzens die Entscheidung treffen, das&nbsp;<strong>Arbeitsverh\u00e4ltnis zum Jahresende zu beenden.<\/strong><\/p>\n\n\n\n<p>Elisa Menne war vom 01.03.2021 bis einschlie\u00dflich 31.12.2024 in unserem Verein als studentische Hilfskraft im Bereich Administration t\u00e4tig. Wir danken Elisa f\u00fcr die exzellente Zusammenarbeit und w\u00fcnschen ihr f\u00fcr ihre private und berufliche Zukunft alles Gute.<\/p>\n\n\n\n<p>Danke, Elisa!<\/p>\n\n\n\n<p class=\"has-text-align-center\"><a href=\"https:\/\/www.democracy-deutschland.de\/#!contact\">ELISA ZUR\u00dcCKHOLEN<\/a><\/p>\n\n\n\n<p><\/p>\n\n\n\n<h2 class=\"wp-block-heading\">04 Automatisierte Redaktion<\/h2>\n\n\n\n<figure class=\"wp-block-image size-large\"><img loading=\"lazy\" decoding=\"async\" width=\"1024\" height=\"576\" src=\"https:\/\/democracy-deutschland.de\/blog\/wp-content\/uploads\/2024\/12\/image-3-1024x576.png\" alt=\"\" class=\"wp-image-804\" srcset=\"https:\/\/democracy-deutschland.de\/blog\/wp-content\/uploads\/2024\/12\/image-3-1024x576.png 1024w, https:\/\/democracy-deutschland.de\/blog\/wp-content\/uploads\/2024\/12\/image-3-300x169.png 300w, https:\/\/democracy-deutschland.de\/blog\/wp-content\/uploads\/2024\/12\/image-3-768x432.png 768w, https:\/\/democracy-deutschland.de\/blog\/wp-content\/uploads\/2024\/12\/image-3-900x506.png 900w, https:\/\/democracy-deutschland.de\/blog\/wp-content\/uploads\/2024\/12\/image-3.png 1156w\" sizes=\"auto, (max-width: 1024px) 100vw, 1024px\" \/><\/figure>\n\n\n\n<p>Wie im letzten Jahresnewsletter bereits angedeutet, flie\u00dft ein wesentlicher Teil unserer Arbeit in Redaktionsaufgaben.&nbsp;<\/p>\n\n\n\n<p>Wir setzen, u.a. um die ehemals von Elisa h\u00e4ndisch erledigten Aufgaben aufzufangen, insofern ab dem neuen Jahr auf Automatisierung.<\/p>\n\n\n\n<p>Das bedeutet:&nbsp;<strong>In Zukunft<\/strong>&nbsp;werden 100% der Prosa-<strong>Bundestagsergebnisse von Chat-GPT<\/strong>&nbsp;interpretiert, um sie in der App als Fraktionsergebnisse anzuzeigen.&nbsp;<\/p>\n\n\n\n<p>Sollten Dir dabei Fehler auffallen, hoffen wir \u2013 wie gewohnt \u2013 auf Dein Reporting!<\/p>\n\n\n\n<p class=\"has-text-align-center\"><a href=\"mailto:contact@democracy-deutschland.deFehlerreportHallo%20liebes%20DEMOCRACY-Team%2C%0D%0A%0D%0Amir%20ist%20bei%20der%20Prozedur%20(ID%20%23%23%23%23%23%23)%20aufgefallen%2C%20dass%20das%20Ergebnis%20vom%20Beschlusstext%20abweicht.%0D%0A%0D%0ALiebe%20Gr\u00fc\u00dfe%2C%0D%0A\">FEHLER REPORTEN<\/a><\/p>\n\n\n\n<p><\/p>\n\n\n\n<h2 class=\"wp-block-heading\">05&nbsp;Ausblick Bundestagswahl 2025<\/h2>\n\n\n\n<figure class=\"wp-block-image size-large\"><img loading=\"lazy\" decoding=\"async\" width=\"1024\" height=\"576\" src=\"https:\/\/democracy-deutschland.de\/blog\/wp-content\/uploads\/2024\/12\/image-4-1024x576.png\" alt=\"\" class=\"wp-image-805\" srcset=\"https:\/\/democracy-deutschland.de\/blog\/wp-content\/uploads\/2024\/12\/image-4-1024x576.png 1024w, https:\/\/democracy-deutschland.de\/blog\/wp-content\/uploads\/2024\/12\/image-4-300x169.png 300w, https:\/\/democracy-deutschland.de\/blog\/wp-content\/uploads\/2024\/12\/image-4-768x432.png 768w, https:\/\/democracy-deutschland.de\/blog\/wp-content\/uploads\/2024\/12\/image-4-900x506.png 900w, https:\/\/democracy-deutschland.de\/blog\/wp-content\/uploads\/2024\/12\/image-4.png 1156w\" sizes=\"auto, (max-width: 1024px) 100vw, 1024px\" \/><\/figure>\n\n\n\n<p><strong>Im kommenden Jahr steht eine vorgezogene Bundestagswahl an.<\/strong><\/p>\n\n\n\n<p><strong>Um darauf optimal vorbereitet zu sein, empfehlen wir<\/strong>&nbsp;Dir,&nbsp;<strong>unsere App zu nutzen<\/strong>&nbsp;und (z.B. via Top-100-Liste) Abstimmungen zu sammeln.<\/p>\n\n\n\n<p>Der Wahl-O-Meter gleicht automatisiert Deine Abstimmungsergebnisse mit denen der Parteien und Politiker ab, und zeigt Dir, mit wem Du wie stark \u00fcbereinstimmt.<\/p>\n\n\n\n<p>Wie genau das funktioniert, eine&nbsp;<strong>bewusste Wahlentscheidung<\/strong>&nbsp;zu&nbsp;<strong>treffen<\/strong>, erkl\u00e4ren wir Dir in einem Kurzfilm (1:00):&nbsp;<br><a href=\"https:\/\/www.youtube.com\/watch?v=uWwQquy_MD0\">https:\/\/www.youtube.com\/watch?v=uWwQquy_MD0<\/a><\/p>\n\n\n\n<p>Mehr Infos \u00fcber den&nbsp;<strong>Wahl-O-Meter<\/strong>&nbsp;findest Du auf unserer Website unter:<br><a href=\"https:\/\/www.democracy-deutschland.de\/#!wahlometer\">https:\/\/www.democracy-deutschland.de\/#!wahlometer<\/a><\/p>\n\n\n\n<p><strong>HINWEIS<\/strong>\u2757\ufe0f<\/p>\n\n\n\n<p><strong>Um unseren Service, so wie zur Zeit, auch in 2025 anbieten zu k\u00f6nnen, brauchen wir Deine finanzielle Unterst\u00fctzung<\/strong>&nbsp;\u2013 und mindestens das aktuelle Spendenaufkommen.<\/p>\n\n\n\n<p>Ich bedanke mich im Voraus f\u00fcr Deinen Beitrag!<\/p>\n\n\n\n<p class=\"has-text-align-center\"><a href=\"https:\/\/www.democracy-deutschland.de\/#!donate\">SPENDEN<\/a><\/p>\n\n\n\n<h2 class=\"wp-block-heading\">Spendenfortschritt<\/h2>\n\n\n\n<p>2.054\u20ac von&nbsp;<strong>9.300&nbsp;\u20ac<\/strong>&nbsp;(min. Finanzierungsziel\/Monat)<br><a href=\"https:\/\/web.archive.org\/web\/20240723230613\/https:\/\/www.democracy-deutschland.de\/#!donate\">Mehr Informationen zum Spendenstand<\/a><\/p>\n\n\n\n<h2 class=\"wp-block-heading\">Spendenkonto<\/h2>\n\n\n\n<p>Unsere Bankverbindung f\u00fcr direkte Spenden, \u00dcberweisungen oder Dauerauftr\u00e4ge lautet:<\/p>\n\n\n\n<p>Kontoinhaber: DEMOCRACY Deutschland e.V.<br>IBAN: DE33 5003 1000 1049 7560 00<br>BIC: TRODDEF1<\/p>\n\n\n\n<p>Der Verein DEMOCRACY Deutschland e.V. ist mit Bescheid des Finanzamts G\u00f6ttingen vom 01.10.2019 als gemeinn\u00fctziger Verein zur F\u00f6rderung des demokratischen Staatswesens sowie der Volks- und Berufsbildung offiziell anerkannt (<a href=\"https:\/\/web.archive.org\/web\/20240723230613\/https:\/\/www.democracy-deutschland.de\/files\/download\/Freistellungsbescheid.pdf\">Nachweis der Gemeinn\u00fctzigkeit<\/a>;&nbsp;<a href=\"https:\/\/web.archive.org\/web\/20240723230613\/https:\/\/www.democracy-deutschland.de\/files\/download\/Satzung_DEMOCRACY.pdf\">Satzung<\/a>). Ihre Spenden sind daher steuerlich abzugsf\u00e4hig. F\u00fcr Spenden unter 200\u20ac j\u00e4hrlich gen\u00fcgt der Zahlungsnachweis (z. B. Kontoauszug) zusammen mit unserem&nbsp;<a href=\"https:\/\/web.archive.org\/web\/20240723230613\/https:\/\/www.democracy-deutschland.de\/files\/download\/Vereinfachter_Zuwendungsnachweis_2019.pdf\">Vereinfachten Zuwendungsnachweis<\/a>. Wenn Sie eine separate Zuwendungsbest\u00e4tigung ben\u00f6tigen, schreiben Sie uns bitte eine E-Mail oder geben Sie in Ihrer \u00dcberweisung Ihre Wohnadresse an.<\/p>\n\n\n\n<h2 class=\"wp-block-heading\">Der Verein<\/h2>\n\n\n\n<p>DEMOCRACY Deutschland e.V. (gemeinn\u00fctzig)<br>Industriestra\u00dfe 10<br>37079 G\u00f6ttingen<br>Telefon: +49 176 470 40 213<br>E-Mail:&nbsp;<a href=\"https:\/\/web.archive.org\/web\/20240723230613\/mailto:contact@democracy-deutschland.de\">contact@democracy-deutschland.de<\/a><\/p>\n\n\n\n<p><a href=\"https:\/\/web.archive.org\/web\/20240723230613\/https:\/\/www.facebook.com\/democracygermany\/\">Facebook<\/a>,&nbsp;<a href=\"https:\/\/web.archive.org\/web\/20240723230613\/https:\/\/twitter.com\/democracy_de\">Twitter<\/a>,&nbsp;<a href=\"https:\/\/web.archive.org\/web\/20240723230613\/https:\/\/www.instagram.com\/democracy_app\/\">Instagram<\/a>,&nbsp;<a href=\"https:\/\/web.archive.org\/web\/20240723230613\/https:\/\/www.youtube.com\/channel\/UC2R4cGTq1LjFZ2DvDaVhDyg\">YouTube<\/a>,&nbsp;<a href=\"https:\/\/web.archive.org\/web\/20240723230613\/https:\/\/github.com\/demokratie-live\/\">GitHub<\/a>,&nbsp;<a href=\"https:\/\/web.archive.org\/web\/20240723230613\/https:\/\/discord.gg\/Pdu3ZEV\">Discord<\/a><br><a href=\"https:\/\/web.archive.org\/web\/20240723230613\/https:\/\/www.democracy-deutschland.de\/#!nutzungsbedingungen\">Nutzungsbedingungen<\/a>,&nbsp;<a href=\"https:\/\/web.archive.org\/web\/20240723230613\/https:\/\/www.democracy-deutschland.de\/#!datenschutz\">Datenschutz<\/a><\/p>\n","protected":false},"excerpt":{"rendered":"<p>Hallo lieber Unterst\u00fctzer, genau ein Jahr ist es her, seit ich Dir das letzte Mal geschrieben habe. Ich m\u00f6chte diesen Weihnachtsbrief nutzen, um Dir zusammenzufassen, was in 2024 passiert ist und wie es mit DEMOCRACY weitergeht. Ein frohes Fest, einen guten Rutsch und viel Spa\u00df beim Lesen, Dein Marius Kr\u00fcger<\/p>\n","protected":false},"author":3,"featured_media":806,"comment_status":"closed","ping_status":"closed","sticky":false,"template":"","format":"standard","meta":{"footnotes":""},"categories":[2],"tags":[],"class_list":["post-800","post","type-post","status-publish","format-standard","has-post-thumbnail","hentry","category-newsletter"],"_links":{"self":[{"href":"https:\/\/democracy-deutschland.de\/blog\/wp-json\/wp\/v2\/posts\/800","targetHints":{"allow":["GET"]}}],"collection":[{"href":"https:\/\/democracy-deutschland.de\/blog\/wp-json\/wp\/v2\/posts"}],"about":[{"href":"https:\/\/democracy-deutschland.de\/blog\/wp-json\/wp\/v2\/types\/post"}],"author":[{"embeddable":true,"href":"https:\/\/democracy-deutschland.de\/blog\/wp-json\/wp\/v2\/users\/3"}],"replies":[{"embeddable":true,"href":"https:\/\/democracy-deutschland.de\/blog\/wp-json\/wp\/v2\/comments?post=800"}],"version-history":[{"count":7,"href":"https:\/\/democracy-deutschland.de\/blog\/wp-json\/wp\/v2\/posts\/800\/revisions"}],"predecessor-version":[{"id":931,"href":"https:\/\/democracy-deutschland.de\/blog\/wp-json\/wp\/v2\/posts\/800\/revisions\/931"}],"wp:featuredmedia":[{"embeddable":true,"href":"https:\/\/democracy-deutschland.de\/blog\/wp-json\/wp\/v2\/media\/806"}],"wp:attachment":[{"href":"https:\/\/democracy-deutschland.de\/blog\/wp-json\/wp\/v2\/media?parent=800"}],"wp:term":[{"taxonomy":"category","embeddable":true,"href":"https:\/\/democracy-deutschland.de\/blog\/wp-json\/wp\/v2\/categories?post=800"},{"taxonomy":"post_tag","embeddable":true,"href":"https:\/\/democracy-deutschland.de\/blog\/wp-json\/wp\/v2\/tags?post=800"}],"curies":[{"name":"wp","href":"https:\/\/api.w.org\/{rel}","templated":true}]}}