{"id":594,"date":"2021-04-02T20:54:07","date_gmt":"2021-04-02T18:54:07","guid":{"rendered":"https:\/\/www.democracy-deutschland.de\/blog\/?p=594"},"modified":"2025-02-21T14:49:07","modified_gmt":"2025-02-21T13:49:07","slug":"news-27-democracy21","status":"publish","type":"post","link":"https:\/\/democracy-deutschland.de\/blog\/2021\/04\/news-27-democracy21\/","title":{"rendered":"News #27 \u2013 DEMOCRACY&#8217;21"},"content":{"rendered":"\n<p>Hallo liebe:r Unterst\u00fctzer:in,<\/p>\n\n\n\n<p>ich mache es kurz: DEMOCRACY hatte einen schweren Stand in den letzten Monaten. Es ist Zeit f\u00fcr eine Auferstehung.<br>Ich w\u00fcnsche Ihnen ein Frohes Osterfest und danke von ganzem Herzen f\u00fcr die best\u00e4ndige Unterst\u00fctzung,&nbsp;<\/p>\n\n\n\n<p>Herzliche Gr\u00fc\u00dfe,<br>Ihr Marius Kr\u00fcger <\/p>\n\n\n\n<!--more-->\n\n\n\n<h2 class=\"wp-block-heading\"><strong>01 <\/strong>Personalkarussell Ende! <\/h2>\n\n\n\n<figure class=\"wp-block-image\"><img decoding=\"async\" src=\"https:\/\/www.democracy-deutschland.de\/blog\/wp-content\/uploads\/2021\/04\/27_01_PersonalkarussellEnde-1024x527.jpg\" alt=\"\" class=\"wp-image-595\"\/><\/figure>\n\n\n\n<p>Wie in der Einleitung schon angedeutet, hat dieser Newsletter Ihnen in den vergangenen Monaten einiges zugemutet. Es wurden viele neue Gesichter pr\u00e4sentiert, w\u00e4hrend konkrete Fortschritte oder tats\u00e4chliche Arbeitsergebnisse der Initiative zu kurz kamen. Mir hat dieser Paradigmenwechsel nicht gefallen. <strong>Ab sofort ist DEMOCRACY wieder<\/strong> die Initiative, wof\u00fcr ich sie gegr\u00fcndet habe: um die <strong>Spielregeln<\/strong> zu <strong>ver\u00e4ndern<\/strong>. Wer dazu beitr\u00e4gt, k\u00f6nnen Sie jederzeit auf unserer Website einsehen. <\/p>\n\n\n\n<p class=\"has-text-align-center\"><a rel=\"noreferrer noopener\" href=\"mailto:contact@democracy-deutschland.de\" target=\"_blank\">DAS TEAM<\/a><\/p>\n\n\n\n<p><\/p>\n\n\n\n<h2 class=\"wp-block-heading\"><strong>02<\/strong> <strong>Mein Wort<\/strong><\/h2>\n\n\n\n<figure class=\"wp-block-image\"><img decoding=\"async\" src=\"https:\/\/www.democracy-deutschland.de\/blog\/wp-content\/uploads\/2021\/04\/27_02_Mein-Wort-1024x527.jpg\" alt=\"\" class=\"wp-image-596\"\/><\/figure>\n\n\n\n<p>Neuigkeiten? <strong>In 6 Monaten ist Bundestagswahl<\/strong>. Vier lange Jahre haben wir auf dieses Momentum gewartet. Ohne Riesenetat Marketing f\u00fcr eine Idee zu betreiben, von der Niemand wei\u00df, dass es sie gibt, ist undankbar. Aber grinsen Sie sieben Wochen vor der Wahl erst die Politiker von ihren Wahlplakaten an, ist die omnipr\u00e4sente Frage eines jeden: \u201eWen w\u00e4hle ich eigentlich?\u201c \u2013 und damit eine <strong>millionenfache Nutzung unseres Wahl-O-Meters<\/strong> und der DEMOCRACY App <strong>m\u00f6glich<\/strong>. Gemeinsam stehen wir vor einer historischen Chance. Wir machen es wie 2017. Einfach deshalb, weil es das St\u00fcck von Wahrheit ist, was ich f\u00fchlen kann. <strong>Daf\u00fcr bin ich zur\u00fcck<\/strong> und freue mich \u00fcber Ihre Unterst\u00fctzung!<\/p>\n\n\n\n<p class=\"has-text-align-center\"><a rel=\"noreferrer noopener\" href=\"https:\/\/www.instagram.com\/democracy_app\/\" target=\"_blank\">JETZT SPENDEN<\/a><\/p>\n\n\n\n<p><\/p>\n\n\n\n<h2 class=\"wp-block-heading\"><strong>03 <\/strong>DEMOCRACY\u201821<\/h2>\n\n\n\n<figure class=\"wp-block-image\"><img decoding=\"async\" src=\"https:\/\/www.democracy-deutschland.de\/blog\/wp-content\/uploads\/2021\/04\/27_03_DEMOCRACY21-1024x527.jpg\" alt=\"\" class=\"wp-image-597\"\/><\/figure>\n\n\n\n<p>Die beste M\u00f6glichkeit die Zukunft vorauszusagen ist, sie zu erfinden.&nbsp;<strong>DEMOCRACY\u201821 kommt<\/strong> mit Kandidaten-Wahl-O-Meter und Abgeordnetensuche. <\/p>\n\n\n\n<p class=\"has-text-align-center\"><a rel=\"noreferrer noopener\" href=\"https:\/\/www.democracy-deutschland.de\/#!donate\" target=\"_blank\">FEATURES VON &#8217;21<\/a><\/p>\n\n\n\n<p><\/p>\n\n\n\n<h2 class=\"wp-block-heading\"><strong>04 <\/strong>Veranstaltungen<\/h2>\n\n\n\n<figure class=\"wp-block-image\"><img decoding=\"async\" src=\"https:\/\/www.democracy-deutschland.de\/blog\/wp-content\/uploads\/2021\/04\/27_04_Veranstaltungen-1024x527.jpg\" alt=\"\" class=\"wp-image-598\"\/><\/figure>\n\n\n\n<p>News gibt es auch in Sachen \u00f6ffentlicher Vertretung. Um f\u00fcr die Wahlkampfzeit Erfahrungen zu sammeln, war unsere<strong> PR-Referentin Katrin Engler<\/strong> im letzten Monat <strong>bei<\/strong> zwei Veranstaltungen: dem <strong>UpdateDeutschland-Hackathon<\/strong> und einem Diskussionspanel zum Thema Demokratie und Corona. Wir freuen uns \u00fcber die positive Resonanz und blicken erwartungsvoll auf die n\u00e4chsten Auftritte.<\/p>\n\n\n\n<p class=\"has-text-align-center\"><a rel=\"noreferrer noopener\" aria-label=\" (\u00f6ffnet in neuem Tab)\" href=\"https:\/\/devpost.com\/software\/democracy-app-i9oyx6\" target=\"_blank\">PITCH ANSEHEN<\/a><\/p>\n\n\n\n<p><\/p>\n\n\n\n<h2 class=\"wp-block-heading\"><strong>5<\/strong> Wikipedia-Artikel<\/h2>\n\n\n\n<figure class=\"wp-block-image\"><img decoding=\"async\" src=\"https:\/\/www.democracy-deutschland.de\/blog\/wp-content\/uploads\/2021\/04\/27_05_WikipediaArtikel-1024x527.jpg\" alt=\"\" class=\"wp-image-599\"\/><\/figure>\n\n\n\n<p>Und zum Abschluss dieses Newsletter noch Nachrichten aus der Kategorie Erfreuliches.&nbsp;Nach fast vier Jahren existiert seit kurzem tats\u00e4chlich ein <strong>Wikipedia-Artikel \u00fcber unsere Arbeit<\/strong>. Nachzulesen ist dort Genaueres zur Geschichte unserer Initiative und zum Konzept der App. F\u00fcr uns ist das ein <strong>riesen Schritt<\/strong> in Sachen Kredibilit\u00e4t, <strong>in der gr\u00f6\u00dften<\/strong> Online-<strong>Enzyklop\u00e4die<\/strong> der Welt, mit einem eigenen Artikel <strong>zu finden zu sein<\/strong>. <\/p>\n\n\n\n<p class=\"has-text-align-center\"><a rel=\"noreferrer noopener\" href=\"https:\/\/devpost.com\/software\/democracy-app-i9oyx6\" target=\"_blank\">WIKIPEDIA-ARTIKEL LESEN<\/a><\/p>\n\n\n\n<h3 class=\"wp-block-heading\">Spendenfortschritt<\/h3>\n\n\n\n<p>4.463\u20ac von <strong>10.945\u20ac<\/strong> (min. Finanzierungsziel\/Monat)<br><a href=\"https:\/\/www.democracy-deutschland.de\/#!donate\">Mehr Informationen zum Spendenstand<\/a><\/p>\n\n\n\n<h3 class=\"wp-block-heading\">Spendenkonto<\/h3>\n\n\n\n<p>Unsere Bankverbindung f\u00fcr direkte Spenden, \u00dcberweisungen oder Dauerauftr\u00e4ge lautet:<\/p>\n\n\n\n<p>Kontoinhaber: DEMOCRACY Deutschland e.V.<br>IBAN: DE33 5003 1000 1049 7560 00<br>BIC: TRODDEF1<\/p>\n\n\n\n<p>Der Verein DEMOCRACY Deutschland e.V. ist mit Bescheid des Finanzamts G\u00f6ttingen vom 01.10.2019 als gemeinn\u00fctziger Verein zur F\u00f6rderung des demokratischen Staatswesens sowie der Volks- und Berufsbildung offiziell anerkannt (<a href=\"https:\/\/www.democracy-deutschland.de\/files\/download\/Freistellungsbescheid.pdf\">Nachweis der Gemeinn\u00fctzigkeit<\/a>; <a href=\"https:\/\/www.democracy-deutschland.de\/files\/download\/Satzung_DEMOCRACY.pdf\">Satzung<\/a>). Ihre Spenden sind daher steuerlich abzugsf\u00e4hig. F\u00fcr Spenden unter 200\u20ac j\u00e4hrlich gen\u00fcgt der Zahlungsnachweis (z. B. Kontoauszug) zusammen mit unserem <a href=\"https:\/\/www.democracy-deutschland.de\/files\/download\/Vereinfachter_Zuwendungsnachweis_2019.pdf\">Vereinfachten Zuwendungsnachweis<\/a>. Wenn Sie eine separate Zuwendungsbest\u00e4tigung ben\u00f6tigen, schreiben Sie uns bitte eine E-Mail oder geben Sie in Ihrer \u00dcberweisung Ihre Wohnadresse an.<\/p>\n\n\n\n<h3 class=\"wp-block-heading\">Der Verein<\/h3>\n\n\n\n<p>DEMOCRACY Deutschland e.V. (gemeinn\u00fctzig)<br>Industriestra\u00dfe 10<br>37079 G\u00f6ttingen<br>Telefon: +49 176 470 40 213<br>E-Mail:&nbsp;<a href=\"mailto:contact@democracy-deutschland.de\">contact@democracy-deutschland.de<\/a><\/p>\n\n\n\n<p><a href=\"https:\/\/www.facebook.com\/democracygermany\/\">Facebook<\/a>, <a href=\"https:\/\/twitter.com\/democracy_de\">Twitter<\/a>, <a href=\"https:\/\/www.youtube.com\/channel\/UC2R4cGTq1LjFZ2DvDaVhDyg\">YouTube<\/a>, <a href=\"https:\/\/github.com\/demokratie-live\/\">GitHub<\/a>, <a href=\"https:\/\/discord.gg\/Pdu3ZEV\">Discord<\/a><br><a href=\"https:\/\/www.democracy-deutschland.de\/#!nutzungsbedingungen\">Nutzungsbedingungen<\/a>, <a href=\"https:\/\/www.democracy-deutschland.de\/#!datenschutz\">Datenschutz<\/a><\/p>\n","protected":false},"excerpt":{"rendered":"<p>Hallo liebe:r Unterst\u00fctzer:in, ich mache es kurz: DEMOCRACY hatte einen schweren Stand in den letzten Monaten. Es ist Zeit f\u00fcr eine Auferstehung.Ich w\u00fcnsche Ihnen ein Frohes Osterfest und danke von ganzem Herzen f\u00fcr die best\u00e4ndige Unterst\u00fctzung,&nbsp; Herzliche Gr\u00fc\u00dfe,Ihr Marius Kr\u00fcger<\/p>\n","protected":false},"author":3,"featured_media":742,"comment_status":"closed","ping_status":"closed","sticky":false,"template":"","format":"standard","meta":{"footnotes":""},"categories":[2],"tags":[],"class_list":["post-594","post","type-post","status-publish","format-standard","has-post-thumbnail","hentry","category-newsletter"],"_links":{"self":[{"href":"https:\/\/democracy-deutschland.de\/blog\/wp-json\/wp\/v2\/posts\/594","targetHints":{"allow":["GET"]}}],"collection":[{"href":"https:\/\/democracy-deutschland.de\/blog\/wp-json\/wp\/v2\/posts"}],"about":[{"href":"https:\/\/democracy-deutschland.de\/blog\/wp-json\/wp\/v2\/types\/post"}],"author":[{"embeddable":true,"href":"https:\/\/democracy-deutschland.de\/blog\/wp-json\/wp\/v2\/users\/3"}],"replies":[{"embeddable":true,"href":"https:\/\/democracy-deutschland.de\/blog\/wp-json\/wp\/v2\/comments?post=594"}],"version-history":[{"count":2,"href":"https:\/\/democracy-deutschland.de\/blog\/wp-json\/wp\/v2\/posts\/594\/revisions"}],"predecessor-version":[{"id":772,"href":"https:\/\/democracy-deutschland.de\/blog\/wp-json\/wp\/v2\/posts\/594\/revisions\/772"}],"wp:featuredmedia":[{"embeddable":true,"href":"https:\/\/democracy-deutschland.de\/blog\/wp-json\/wp\/v2\/media\/742"}],"wp:attachment":[{"href":"https:\/\/democracy-deutschland.de\/blog\/wp-json\/wp\/v2\/media?parent=594"}],"wp:term":[{"taxonomy":"category","embeddable":true,"href":"https:\/\/democracy-deutschland.de\/blog\/wp-json\/wp\/v2\/categories?post=594"},{"taxonomy":"post_tag","embeddable":true,"href":"https:\/\/democracy-deutschland.de\/blog\/wp-json\/wp\/v2\/tags?post=594"}],"curies":[{"name":"wp","href":"https:\/\/api.w.org\/{rel}","templated":true}]}}