{"id":545,"date":"2021-02-06T11:06:25","date_gmt":"2021-02-06T10:06:25","guid":{"rendered":"https:\/\/www.democracy-deutschland.de\/blog\/?p=545"},"modified":"2025-02-21T14:48:55","modified_gmt":"2025-02-21T13:48:55","slug":"news-26-verlosung-und-team","status":"publish","type":"post","link":"https:\/\/democracy-deutschland.de\/blog\/2021\/02\/news-26-verlosung-und-team\/","title":{"rendered":"News 26 &#8211; Verlosung und Team"},"content":{"rendered":"\n<p>das neue Jahr hat begonnen und wir haben unsere Arbeit f\u00fcr DEMOCRACY nach ein paar erholsamen Feiertagen nat\u00fcrlich schon lange wieder aufgenommen. Daher gibt es erneut einiges zu erz\u00e4hlen. Wir berichten Dir diesmal von einem ereignisreichen Jahresabschluss und schlie\u00dfen unsere Teamvorstellungsreihe mit Fabi ab. Au\u00dferdem gibt es weitere Ver\u00e4nderungen im Bereich Social Media, \u00fcber die wir Dich informieren wollen. <br><br> Wir haben uns viel f\u00fcr das Jahr 2021 vorgenommen. Nat\u00fcrlich blicken wir schon mit Spannung auf die anstehende Bundestagswahl und wollen diese nutzen, um DEMOCRACY weiter zu verbreiten. Dar\u00fcber hinaus wird es weitere neue App-Features geben und wir haben so ungef\u00e4hr 1000 andere Ideen, einige davon schon recht fortgeschritten aber noch keine spruchreif. Es wird also auch in den n\u00e4chsten Monaten viel zu erz\u00e4hlen geben.<br><br> Wir bedanken uns wie immer daf\u00fcr, dass Du die DEMOCRACY-App nutzt, das Projekt verbreitest und mit Spenden unterst\u00fctzt! Viel Spa\u00df beim Lesen und bis zum n\u00e4chsten Mal!                                                                                                                                                                   Wir freuen uns, Dich in den sozialen Netzwerken zu treffen und w\u00fcnschen jetzt erst einmal viel Spa\u00df beim Lesen!<\/p>\n\n\n\n<p>                                                                                                                                                Herzliche Gr\u00fc\u00dfe, <\/p>\n\n\n\n<p>Dein Team Democracy<\/p>\n\n\n\n<!--more-->\n\n\n\n<h2 class=\"wp-block-heading\"><strong>01 Verlosung<\/strong><\/h2>\n\n\n\n<figure class=\"wp-block-image\"><img decoding=\"async\" src=\"https:\/\/www.democracy-deutschland.de\/blog\/wp-content\/uploads\/2021\/02\/26_01_verlosung-1024x527.jpg\" alt=\"\" class=\"wp-image-550\"\/><\/figure>\n\n\n\n<p>Im vergangenen Dezember haben wir erstmals einen <strong>Social Media-Adventskalender <\/strong>veranstaltet und Dir die Abstimmungen vorgestellt, die 2020 besonders popul\u00e4r in der App waren. Das Ende des Jahres markierte aber nicht blo\u00df dieses Deb\u00fct, wir haben dar\u00fcber hinaus zum ersten Mal eine <strong>Verlosung<\/strong> organisiert. Bei Liken des Posts, unserer Seite und einem Kommentar mit drei Stichworten zum Thema Demokratie gab es die Chance, ein <strong>politisches Sachbuch<\/strong> zu gewinnen. In diesem Vorhaben spiegelten sich einige Ziele wider, die wir f\u00fcr DEMOCRACY insgesamt verfolgen &#8211; Einerseits die <strong>Reichweite<\/strong> des Projekts erh\u00f6hen, andererseits Menschen zu <strong>politischer Bildung<\/strong> zu bem\u00e4chtigen. An dieser Stelle wollen wir uns herzlich bei allen Teilnehmenden bedanken sowie bei den Autoren bzw. Verlagen, die uns ein von uns angefragtes Exemplar kostenlos zur Verf\u00fcgung gestellt haben:<\/p>\n\n\n\n<p>Vielen Dank an Prof. Frank Decker f\u00fcr ein Exemplar von \u201cDer Irrweg der Volksgesetzgebung\u201d sowie das \u201cHandbuch Demokratie\u201d und an den Klett-Cotta-Verlag f\u00fcr \u201cDie gegl\u00fcckte Demokratie\u201d von Edgar Wolfrum.<\/p>\n\n\n\n<p>Das wird auf jeden Fall nicht unsere letzte Verlosung dieser Art sein! Hast Du Vorschl\u00e4ge andere B\u00fccher, die thematisch zum Projekt passen und die wir verlosen k\u00f6nnten? Oder gibt es Ideen f\u00fcr andere m\u00f6gliche Gewinne? <strong>Schreib uns gerne<\/strong> \u00fcber Social Media oder Mail!<\/p>\n\n\n\n<p class=\"has-text-align-center\"><a href=\"mailto:contact@democracy-deutschland.de\" target=\"_blank\" rel=\"noreferrer noopener\" aria-label=\" (\u00f6ffnet in neuem Tab)\">SCHREIB UNS<\/a><\/p>\n\n\n\n<h2 class=\"wp-block-heading\"><strong>02<\/strong> <strong>Fabi stellt sich vor: Content Creation<\/strong><\/h2>\n\n\n\n<figure class=\"wp-block-image\"><img decoding=\"async\" src=\"https:\/\/www.democracy-deutschland.de\/blog\/wp-content\/uploads\/2021\/02\/26_02_vorstellung-fabi-1024x527.jpg\" alt=\"\" class=\"wp-image-551\"\/><\/figure>\n\n\n\n<p>Fabi macht f\u00fcr Dich alles h\u00fcbsch. Zusammen mit der Redaktion werden Konzepte und Ideen erstellt, aus welchen Fabi dann <strong>Designs und Grafiken<\/strong> erstellt. Das was in unseren K\u00f6pfen herumschwirrt veranschaulicht er, sodass Du es auf Instagram, Twitter und Co. begutachten kannst.<\/p>\n\n\n\n<p>F\u00fcr Fabi bedeutet Demokratie, <strong>frei entscheiden<\/strong> zu d\u00fcrfen. Dies sollte aber auch einer m\u00f6glichen Experten-Regierung nicht zwangsl\u00e4ufig im Weg stehen. Wichtig ist lediglich, dass man frei Abstimmen kann.<\/p>\n\n\n\n<p>DEMOCRACY ist f\u00fcr ihn ein wichtiges Tool f\u00fcr Transparenz und nicht nur ein wichtiger Schritt in Richtung direkter Demokratie, sondern bietet durch das hohe Bildungspotenzial eine gute Grundlage f\u00fcr fast jegliche Form einer gesunden Demokratie. Besonders in Zeiten in denen mit den Unsicherheiten und \u00c4ngsten der Menschen gearbeitet wird, ist es umso wichtiger <strong>klare und sachlich aufgearbeitete Fakten<\/strong> zu liefern. Damit der B\u00fcrger mit eben diesen Fakten und Daten nicht v\u00f6llig allein gelassen wird, empfinde ich es umso wichtiger alles noch einmal aufgeh\u00fcbscht f\u00fcr euch auf Social Media zu veranschaulichen.<\/p>\n\n\n\n<p class=\"has-text-align-center\"><a href=\"https:\/\/www.instagram.com\/democracy_app\/\" target=\"_blank\" rel=\"noreferrer noopener\" aria-label=\" (\u00f6ffnet in neuem Tab)\">ZU INSTAGRAM<\/a><\/p>\n\n\n\n<h2 class=\"wp-block-heading\"><strong>03 Lisa sagt Danke<\/strong><\/h2>\n\n\n\n<figure class=\"wp-block-image\"><img decoding=\"async\" src=\"https:\/\/www.democracy-deutschland.de\/blog\/wp-content\/uploads\/2021\/02\/26_03_lisa-sagt-danke-1024x527.jpg\" alt=\"\" class=\"wp-image-552\"\/><\/figure>\n\n\n\n<p>2020 war ein Jahr voller <strong>Ver\u00e4nderung<\/strong>. Doch mit Ver\u00e4nderung kamen f\u00fcr mich auch neue <strong>Chancen und Herausforderungen<\/strong>. Und so fand ich mich auf einmal am Schreibtisch im Online Studium, auf der Suche nach einer sinnvollen Besch\u00e4ftigung und stolperte \u00fcber die Jobanzeigen von DEMOCRACY. Aus Jobbewerbung wurde Ehrenamt, aus Ehrenamt wurde Praktikum.<\/p>\n\n\n\n<p>Und jetzt ist bereits Januar, die Zeit mit Scrum-Meetings und Content Calendar neigt sich dem Ende zu. Die Anzahl an Dingen, die ich gelernt habe, ist schwer einzuschr\u00e4nken, doch einige Dinge werden mir doch lange <strong>in Erinnerung<\/strong> bleiben. Es war das erste Mal, dass ich mit Elementen einer Holacracy-Struktur gearbeitet habe, das erste Mal, dass ich das Team, mit dem ich t\u00e4glich arbeite, nicht pers\u00f6nlich treffe. Ich freue mich auf den Tag, an dem ich doch einmal einem von euch in der nicht-virtuellen Welt begegne!<\/p>\n\n\n\n<p>Doch am meisten habe ich gelernt, wie wichtig mir <strong>Demokratie<\/strong> und ihre Facetten sind und wie leidenschaftlich ich in Politik involviert bin, ohne Politikerin zu sein. Die Demokratie ist ein <strong>wertvolles Gut<\/strong>, dass nicht als selbstverst\u00e4ndlich angesehen werden kann und immer weiterentwickelt werden muss. W\u00e4hrend meiner Zeit bei DEMOCRACY ist mir die Bedeutung der Initiative und ihre Wirkung sehr bewusst geworden und ich w\u00fcnsche mir von Herzen, dass sie in Zukunft ihre weltver\u00e4ndernde Wirkung entfalten kann.<\/p>\n\n\n\n<p class=\"has-text-align-center\"><a href=\"https:\/\/www.democracy-deutschland.de\/#!donate\" target=\"_blank\" rel=\"noreferrer noopener\" aria-label=\"SPENDEN (\u00f6ffnet in neuem Tab)\">SPENDEN<\/a><\/p>\n\n\n\n<h2 class=\"wp-block-heading\"><strong>04 Social Media<\/strong><\/h2>\n\n\n\n<figure class=\"wp-block-image\"><img decoding=\"async\" src=\"https:\/\/www.democracy-deutschland.de\/blog\/wp-content\/uploads\/2021\/02\/26_04_vorstellung-charlotte-henrik-1024x527.jpg\" alt=\"\" class=\"wp-image-553\"\/><\/figure>\n\n\n\n<p>Wir wollen nat\u00fcrlich auf der Arbeit aufbauen, die Lisa f\u00fcr unsere Social Media-Strategie geleistet hat, und unsere Inhalte weiter entwickeln. Wir freuen uns deshalb sehr, dass <strong>Henrik<\/strong> und <strong>Charlotte<\/strong> f\u00fcr ein <strong>Praktikum<\/strong> in diesem Bereich zu uns gefunden haben und sich hier in der n\u00e4chsten Zeit einbringen werden. Nachdem wir Dir inzwischen das gesamte bisherige Team vorgestellt haben, kannst du nun auch Henrik und Charlotte kennen lernen!<br><\/p>\n\n\n\n<p>Henrik ist unser neuer Praktikant f\u00fcr <strong>Social Media und Marketing<\/strong>. In Zukunft k\u00fcmmert sich um die Postings und zielgruppengerechte Kommunikation auf unseren Kan\u00e4len. Angesichts der vielen gesellschaftlichen und politischen Ver\u00e4nderungen der letzten Monate hat er Lust, an einem Projekt im politischen Bereich mitzuwirken. F\u00fcr Henrik bedeutet Demokratie m\u00f6glichst viele und vielf\u00e4ltige <strong>Einfl\u00fcsse auf politische Entscheidungen<\/strong> gegeben zu haben und er sieht neben den Risiken der Digitalisierung vor allem das <strong>Potenzial zu politischer Aufkl\u00e4rung<\/strong>. Bei DEMOCRACY ist er dabei, weil er genau das weiter vorantreiben und dabei m\u00f6glichst kreativ frei arbeiten m\u00f6chte. Das Interesse an neuen Themenbereichen und Aufgaben ist jedoch auch immer gro\u00df, weshalb er sich darauf freut, auf viele verschiedene Wege bei Democracy mithelfen und lernen zu k\u00f6nnen. Er freut sich auf die Zusammenarbeit mit dem Team und schaltet nach der Arbeit gern bei Sport und Musik ab.<\/p>\n\n\n\n<p>F\u00fcr Charlotte, unsere zweite neue Praktikantin im Bereich <strong>Social Media und Marketing<\/strong>, steht in unserem demokratischen System vor allem der aktive, gleichberechtigte&nbsp; Austausch m\u00f6glichst vieler <strong>verschiedener Ansichten<\/strong> im Vordergrund. Nur so kann ihrer Meinung nach ein <strong>Konsens<\/strong> entstehen, der einen gesellschaftlichen Mehrwert bietet. Um diesen Austausch und mehr politische Bildung zu unterst\u00fctzen, ist Charlotte bei DEMOCRACY, wo sie sich freut, neue Ideen f\u00fcr Social Media zu entwickeln und zusammen mit einem tollen Team umsetzen und posten zu k\u00f6nnen.<\/p>\n\n\n\n<p>Sie erhofft sich von ihrer T\u00e4tigkeit au\u00dferdem, viele <strong>neue Erfahrungen<\/strong> im Bereich Marketing zu sammeln, um diese auch in Zukunft nutzen zu k\u00f6nnen und freut sich auf die Zusammenarbeit. Nach der Arbeit spielt Charlotte sehr gerne Klavier und (wenn nicht gerade Coronazeit ist) auch Handball. Au\u00dferdem hat sie durch Corona angefangen zu h\u00e4keln und zu stricken, womit sie im Moment viel freie Zeit verbringt.<\/p>\n\n\n\n<p class=\"has-text-align-center\"><a href=\"https:\/\/twitter.com\/democracy_de\" target=\"_blank\" rel=\"noreferrer noopener\" aria-label=\"ZU TWITTER (\u00f6ffnet in neuem Tab)\">ZU TWITTER<\/a><\/p>\n\n\n\n<h2 class=\"wp-block-heading\"><strong>05<\/strong> <strong>Timos R\u00fcckblick<\/strong><\/h2>\n\n\n\n<figure class=\"wp-block-image\"><img decoding=\"async\" src=\"https:\/\/www.democracy-deutschland.de\/blog\/wp-content\/uploads\/2021\/02\/26_05_timo-r\u00fcckblick-1024x527.jpg\" alt=\"\" class=\"wp-image-554\"\/><\/figure>\n\n\n\n<p>Meiner Meinung nach braucht Demokratie vor allem eine <strong>informierte Bev\u00f6lkerung<\/strong>. In DEMOCRACY sehe ich aktuell ein Tool f\u00fcr politische Bildung und Transparenz sowie riesiges Potenzial f\u00fcr digitale politische Partizipation und direkte Demokratie in der Zukunft. Zu Beginn meines Praktikums habe ich mir deshalb vorgenommen, Dir mehr <strong>redaktionelle Inhalte <\/strong>zum Bundestag zu liefern. Das geschah \u00fcber die zwei Blogformate <strong>Spotlight und Recap<\/strong>. Sie sollten Dir bei deiner Entscheidung bez\u00fcglich einzelner Abstimmungen helfen und einen Eindruck daf\u00fcr vermitteln, wie die einzelnen Fraktionen ihre Entscheidungen in den Debatten begr\u00fcnden.<\/p>\n\n\n\n<p>An dieser Arbeit habe ich so viel Spa\u00df, dass ich <strong>Spotlight <\/strong>im n\u00e4chsten Jahr ehrenamtlich weiterf\u00fchren werde, wenn auch weniger regelm\u00e4\u00dfig. Ich freue mich au\u00dferdem, dass das Ziel der politischen Bildung auch von den<strong> Ehrenamtlichen und Praktikant:innen<\/strong> verfolgt wird, die gerade neu zu DEMOCRACY finden. Ich bin gespannt darauf, mich mit ihnen auszutauschen und zu sehen, welche neuen Ideen sie einbringen.<\/p>\n\n\n\n<p>W\u00e4hrend meines Praktikums habe ich aber viel mehr gelernt, als ich vorher h\u00e4tte ahnen k\u00f6nnen und hier umfassend beschreiben k\u00f6nnte. Ich konnte nicht nur f\u00fcr viele verschiedene Projekte texten, die in Zukunft noch auf Euch zukommen werden, ich habe auch einen Einblick in technische Details, organisatorische Strukturen und \u00d6ffentlichkeitsarbeit bekommen. Meine Meinung wurde stets in allen Themen, die uns in den letzten 3 Monaten umtrieben, respektiert und einbezogen. Ich hatte in einer Phase der Umstrukturierung die unglaublich spannende M\u00f6glichkeit, die <strong>grunds\u00e4tzliche Ausrichtung<\/strong> von DEMOCRACY mitzubestimmen.Obwohl ich mich zum Gl\u00fcck weder vom Projekt noch vom Team verabschieden muss, m\u00f6chte ich die Gelegenheit nicht auslassen, mich f\u00fcr alles zu bedanken. Zun\u00e4chst nat\u00fcrlich bei allen Usern, die meine Artikel gelesen und sich mit Feedback gemeldet haben. Insbesondere gilt mein <strong>Dank demTeam<\/strong>, Marius, Manu, Justem, Lisa, Katy und Fabi f\u00fcr das Feedback, die Inspirationen und den Spa\u00df, den wir in zahlreichen Meetings hatten, w\u00e4hrend alle ihr Bestes f\u00fcr dieses Projekt gegeben haben und in Zukunft weiter geben werden. Es war und ist mir <strong>eine Freude, mit euch an DEMOCRACY zu arbeiten!<\/strong><\/p>\n","protected":false},"excerpt":{"rendered":"<p>das neue Jahr hat begonnen und wir haben unsere Arbeit f\u00fcr DEMOCRACY nach ein paar erholsamen Feiertagen nat\u00fcrlich schon lange wieder aufgenommen. Daher gibt es erneut einiges zu erz\u00e4hlen. Wir berichten Dir diesmal von einem ereignisreichen Jahresabschluss und schlie\u00dfen unsere Teamvorstellungsreihe mit Fabi ab. Au\u00dferdem gibt es weitere Ver\u00e4nderungen im Bereich Social Media, \u00fcber die [&hellip;]<\/p>\n","protected":false},"author":5,"featured_media":741,"comment_status":"closed","ping_status":"closed","sticky":false,"template":"","format":"standard","meta":{"footnotes":""},"categories":[2],"tags":[],"class_list":["post-545","post","type-post","status-publish","format-standard","has-post-thumbnail","hentry","category-newsletter"],"_links":{"self":[{"href":"https:\/\/democracy-deutschland.de\/blog\/wp-json\/wp\/v2\/posts\/545","targetHints":{"allow":["GET"]}}],"collection":[{"href":"https:\/\/democracy-deutschland.de\/blog\/wp-json\/wp\/v2\/posts"}],"about":[{"href":"https:\/\/democracy-deutschland.de\/blog\/wp-json\/wp\/v2\/types\/post"}],"author":[{"embeddable":true,"href":"https:\/\/democracy-deutschland.de\/blog\/wp-json\/wp\/v2\/users\/5"}],"replies":[{"embeddable":true,"href":"https:\/\/democracy-deutschland.de\/blog\/wp-json\/wp\/v2\/comments?post=545"}],"version-history":[{"count":2,"href":"https:\/\/democracy-deutschland.de\/blog\/wp-json\/wp\/v2\/posts\/545\/revisions"}],"predecessor-version":[{"id":773,"href":"https:\/\/democracy-deutschland.de\/blog\/wp-json\/wp\/v2\/posts\/545\/revisions\/773"}],"wp:featuredmedia":[{"embeddable":true,"href":"https:\/\/democracy-deutschland.de\/blog\/wp-json\/wp\/v2\/media\/741"}],"wp:attachment":[{"href":"https:\/\/democracy-deutschland.de\/blog\/wp-json\/wp\/v2\/media?parent=545"}],"wp:term":[{"taxonomy":"category","embeddable":true,"href":"https:\/\/democracy-deutschland.de\/blog\/wp-json\/wp\/v2\/categories?post=545"},{"taxonomy":"post_tag","embeddable":true,"href":"https:\/\/democracy-deutschland.de\/blog\/wp-json\/wp\/v2\/tags?post=545"}],"curies":[{"name":"wp","href":"https:\/\/api.w.org\/{rel}","templated":true}]}}