{"id":371,"date":"2020-10-02T14:47:53","date_gmt":"2020-10-02T12:47:53","guid":{"rendered":"https:\/\/www.democracy-deutschland.de\/blog\/?p=371"},"modified":"2025-02-21T14:48:11","modified_gmt":"2025-02-21T13:48:11","slug":"news-23-nebenjobs-kubernetes","status":"publish","type":"post","link":"https:\/\/democracy-deutschland.de\/blog\/2020\/10\/news-23-nebenjobs-kubernetes\/","title":{"rendered":"News #23 \u2013 Justem &#038; Stimm\u00fcbertragung"},"content":{"rendered":"\n<h3 class=\"wp-block-heading\">Hallo liebe:r Unterst\u00fctzer:in,<\/h3>\n\n\n\n<p>so eine App lebt agil und ver\u00e4ndert sich im Minutentakt, daher haben wir wieder viel zu berichten. Ein neues Team aufzubauen, bringt den Duft der Ver\u00e4nderung und des Wandels mit sich, weshalb alles wieder frischen Wind aufnimmt. Wir stellen Dir heute den neuen Glanz hinter den Kulissen und in der App vor und freuen uns auf Deinen Input bez\u00fcglich der App und Initiative. Dadurch wird unser gemeinsames Projekt noch wirkungsvoller und auch auf Deine Bed\u00fcrfnisse zugeschnitten.<\/p>\n\n\n\n<p>Wir freuen uns, Dich in den sozialen Netzwerken zu treffen und w\u00fcnschen jetzt erst einmal viel Spa\u00df beim Lesen!<\/p>\n\n\n\n<p>Herzliche Gr\u00fc\u00dfe,<\/p>\n\n\n\n<p>Dein Team DEMOCRACY<br>von Lisa<\/p>\n\n\n\n<!--more-->\n\n\n\n<h3 class=\"wp-block-heading\">01 Work in progress!<\/h3>\n\n\n\n<figure class=\"wp-block-image\"><img decoding=\"async\" src=\"https:\/\/www.democracy-deutschland.de\/blog\/wp-content\/uploads\/2020\/10\/23_01_WorkinProgress-1024x527.jpg\" alt=\"\" class=\"wp-image-373\"\/><\/figure>\n\n\n\n<p>Dank Deiner gro\u00dfen Nachfrage und dem von Marius gew\u00fcnschten operativen R\u00fcckzug arbeiten wir bereits seit l\u00e4ngerem an einer strukturellen Ver\u00e4nderung unseres Teams.&nbsp;<strong>Wir freuen uns<\/strong>, Dir nach intensiven Wochen des Suchens heute&nbsp;<strong>von unserem ersten Team-Zuwachs berichten zu k\u00f6nnen<\/strong>, dazu in Punkt 02 mehr. Unabh\u00e4ngig davon suchen wir immer noch freiwillige Unterst\u00fctzer:innen, die tatkr\u00e4ftig mit anpacken wollen.&nbsp;<strong>Operativ wird Marius<\/strong>&nbsp;dann&nbsp;<strong>ab November von seiner Vollzeit-Aktivit\u00e4t in eine Nebent\u00e4tigkeit zur\u00fccktreten<\/strong>&nbsp;und wir die Initiative in eine Teamstruktur \u00fcberf\u00fchren, die aus zwei Vollzeitstellen und drei Nebenjobs besteht. Wir danken Dir f\u00fcr Dein Vertrauen und Deine finanzielle Unterst\u00fctzung, ohne die dieser Schritt nicht m\u00f6glich ist!<\/p>\n\n\n\n<h4 class=\"wp-block-heading has-text-align-center\"><strong><a href=\"mailto:jobs@democracy-deutschland.de?subject=Initiativbewerbung%20als%20\">MONATLICH SPENDEN<\/a><\/strong><\/h4>\n\n\n\n<p><\/p>\n\n\n\n<p><\/p>\n\n\n\n<p><\/p>\n\n\n\n<h3 class=\"wp-block-heading\">02 Wir stellen vor: Justem<\/h3>\n\n\n\n<figure class=\"wp-block-image\"><img decoding=\"async\" src=\"https:\/\/www.democracy-deutschland.de\/blog\/wp-content\/uploads\/2020\/10\/23_02_Justem-1024x527.jpg\" alt=\"\" class=\"wp-image-374\"\/><\/figure>\n\n\n\n<p>Die erste gl\u00fccklich besetzte Position in unserem Team ist die des&nbsp;<strong>Community Managements und der operativen Projektleitung<\/strong>, dessen sich Justem motiviert angenommen hat. Im Privaten ist Justem gerne kreativ und widmet sich dem Bewusst-Sein. Dabei darf es gerne mal gesellig werden oder aber auch ganz ruhig, drau\u00dfen im Gr\u00fcnen. F\u00fcr Justem ist&nbsp;<strong>Demokratie eine Herzensangelegenheit<\/strong>. Demokratie lebt und ist keineswegs nur eine leere Worth\u00fclse: \u201cSie ist eine&nbsp;<strong>Aufforderung zum Mitgestalten.<\/strong>\u201d Verbunden mit dem neu angetretenen Job sieht Justem eine Verantwortung in sich, mit Begeisterung zu zeigen, welche M\u00f6glichkeiten der Welt offen stehen, wenn man seine Stimme nutzt, und wie spannend Politik sein kann. Sich selbst bezeichnet Justem als eine Art Leim im Team, der alles zusammenh\u00e4lt und daf\u00fcr sorgt, das gro\u00dfe Ziel nicht aus den Augen zu verlieren. Wenn Du also&nbsp;<strong>Fragen oder N\u00f6te per Social Media oder E-Mail<\/strong>&nbsp;an uns heran tr\u00e4gst,&nbsp;<strong>wird von nun an Justem<\/strong>&nbsp;auf der anderen Seite sitzen und&nbsp;<strong>antworten<\/strong>.<\/p>\n\n\n\n<h4 class=\"wp-block-heading has-text-align-center\"><strong><a href=\"mailto:jobs@democracy-deutschland.de?subject=Initiativbewerbung%20als%20\">FRAGE STELLEN<\/a><\/strong><\/h4>\n\n\n\n<p><\/p>\n\n\n\n<p><\/p>\n\n\n\n<p><\/p>\n\n\n\n<h3 class=\"wp-block-heading\">03 Newslettering: Lisa stellt sich vor<\/h3>\n\n\n\n<figure class=\"wp-block-image\"><img decoding=\"async\" src=\"https:\/\/www.democracy-deutschland.de\/blog\/wp-content\/uploads\/2020\/10\/23_03_Lisa-1024x527.jpg\" alt=\"\" class=\"wp-image-375\"\/><\/figure>\n\n\n\n<p>Und wo wir schon von&nbsp;<strong>Team-Erweiterung<\/strong>&nbsp;reden, soll auch nicht unerw\u00e4hnt bleiben, wer uns seit neuestem&nbsp;<strong>freiwillig<\/strong>&nbsp;unter die Arme greift. <strong>Lisa<\/strong>&nbsp;ist Studentin und ist sich sicher, in f\u00fcnf Jahren Backstage bei Konzerten zu stehen und den \u00dcberblick \u00fcber das Geschehen zu haben. Doch der&nbsp;<strong>Drang etwas in der Welt zu bewegen<\/strong>, den konnte sie nie ganz unterdr\u00fccken. Da das Studentenleben momentan ja eher vor dem Laptop als auf dem Campus stattfindet, ist f\u00fcr Lisa klar, jetzt ist die Zeit f\u00fcr sie, eigene Projekte und T\u00e4tigkeiten zu finden und Neues auszuprobieren.<br>Und weil Demokratie f\u00fcr sie viel mit Freiheit und Selbstbestimmung zu tun hat, nimmt sie sich diese zwei Dinge als neuen Leitfaden f\u00fcr zuk\u00fcnftige Entscheidungen.&nbsp;<strong>Schon immer ein kleiner Schreiberling, stammt dieser Newsletter erstmalig aus ihrer Feder<\/strong>&nbsp;und das Team freut sich, eine begr\u00fc\u00dfen zu d\u00fcrfen, die hinter die Fassade der App schauen m\u00f6chte. Lisa freut sich unheimlich auf neue kluge K\u00f6pfe, die mit viel Elan an einem Strang f\u00fcr die gleiche Sache einstehen.<\/p>\n\n\n\n<h4 class=\"wp-block-heading has-text-align-center\"><strong><a href=\"https:\/\/www.democracy-deutschland.de\/?fbclid=IwAR0Z9DLCSx1g0ZcvTJjLF4Gk8s-d39fw0I0suHtSYICt2Uw3dc-JsHkMHu8#!engineering#help \">UNTERST\u00dcTZE UNS AUCH<\/a><\/strong><\/h4>\n\n\n\n<p><\/p>\n\n\n\n<p><\/p>\n\n\n\n<p><\/p>\n\n\n\n<h3 class=\"wp-block-heading\">04 Neues Feature: Stimm\u00fcbertragung<\/h3>\n\n\n\n<figure class=\"wp-block-image\"><img decoding=\"async\" src=\"https:\/\/www.democracy-deutschland.de\/blog\/wp-content\/uploads\/2020\/10\/23_04_DEMOCRACY_136-1024x527.jpg\" alt=\"\" class=\"wp-image-376\"\/><\/figure>\n\n\n\n<p>Stillstand konnten wir noch nie so gut, daher gibt es jetzt die&nbsp;<strong>Version 1.3.6<\/strong>&nbsp;der App&nbsp;<strong>in den Stores<\/strong>&nbsp;zum Download! Mit kleinen Upgrades bez\u00fcglich Stabilit\u00e4t und Leistung l\u00e4uft 1.3.6 noch runder auf Deinem Smartphone und bringt sogar noch eine&nbsp;<strong>entscheidende Erweiterung<\/strong>&nbsp;mit: Aufgrund der mehrfachen Nachfrage unserer Nutzer:innen, ist es mit 1.3.6&nbsp;<strong>ab sofort m\u00f6glich die abgegebenen Stimmen auf ein neues Ger\u00e4t zu \u00fcbertragen<\/strong>. Legst Du Dir also ein neues Smartphone oder anderweitiges Ger\u00e4t zu, gehen Deine Stimmen nicht mehr verloren und der Wahl-O-Meter bleibt weiterhin gef\u00fcttert. Damit das klappt, musst Du mit Deinem neuen Smartphone einfach nur den QR-Code scannen, der Dir in der App des alten Handys zur Verf\u00fcgung gestellt wird.<\/p>\n\n\n\n<p>\u00dcberdies t\u00fcfteln wir bereits jetzt an einer&nbsp;<strong>Version 1.4<\/strong>, welche die beliebte&nbsp;<strong>Option des Dark Modes<\/strong>&nbsp;enthalten soll. Bleibt also unbedingt auf dem Laufenden, um kein Update zu verpassen.<\/p>\n\n\n\n<h4 class=\"wp-block-heading has-text-align-center\"><strong><a href=\"https:\/\/www.democracy-deutschland.de\/\">1.3.6 HERUNTERLADEN<\/a><\/strong><\/h4>\n\n\n\n<p><\/p>\n\n\n\n<p><\/p>\n\n\n\n<p><\/p>\n\n\n\n<h3 class=\"wp-block-heading\">05 Stell uns Deine Fragen via Instagram!<\/h3>\n\n\n\n<figure class=\"wp-block-image\"><img decoding=\"async\" src=\"https:\/\/www.democracy-deutschland.de\/blog\/wp-content\/uploads\/2020\/10\/23_05_InstagramQA-1024x527.jpg\" alt=\"\" class=\"wp-image-377\"\/><\/figure>\n\n\n\n<p>Jedes Meeting entstehen bei uns&nbsp;<strong>neue Ideen und W\u00fcnsche f\u00fcr die Zukunft<\/strong>. Wir d\u00fcrfen allerdings nicht vergessen, dass der&nbsp;<strong>wichtigste Input<\/strong>&nbsp;nat\u00fcrlich&nbsp;<strong>von unseren Nutzer:innen<\/strong>&nbsp;kommt! Deine Meinung und Ideen sind das, was die App zum Leben erweckt und sie&nbsp;<strong>langanhaltend verbessert<\/strong>. Daher wollen wir Dir nun regelm\u00e4\u00dfig die Chance geben, Fragen zu stellen und uns in die Mangel zu nehmen. Wir brauchen alle Deine&nbsp;<strong>Ideen, Beschwerden, Vorschl\u00e4ge und Verst\u00e4ndnisfragen<\/strong>, um die beste Version der App f\u00fcr die n\u00e4chste Bundestagswahl zu gestalten. Bleibt also unbedingt auf dem Laufenden auf unserem&nbsp;<strong>Instagram-Account<\/strong>&nbsp;f\u00fcr digitale Fragerunden!&nbsp;<strong>Teile dies gern in Deiner Community<\/strong>, um eine bunte Vielfalt an Feedback zu schaffen, wir freuen uns auf Dich!<\/p>\n\n\n\n<h4 class=\"wp-block-heading has-text-align-center\"><strong><a href=\"https:\/\/www.instagram.com\/democracy_app\/ \">ZU INSTAGRAM<\/a><\/strong><\/h4>\n\n\n\n<p><\/p>\n\n\n\n<h3 class=\"wp-block-heading\">Spendenfortschritt<\/h3>\n\n\n\n<p>5.087\u20ac von <strong>10.537\u20ac<\/strong> (min. Finanzierungsziel\/Monat)<br><a href=\"https:\/\/www.democracy-deutschland.de\/#!donate\">Mehr Informationen zum Spendenstand<\/a><\/p>\n\n\n\n<h3 class=\"wp-block-heading\">Spendenkonto<\/h3>\n\n\n\n<p>Unsere Bankverbindung f\u00fcr direkte Spenden, \u00dcberweisungen oder Dauerauftr\u00e4ge lautet:<\/p>\n\n\n\n<p>Kontoinhaber: DEMOCRACY Deutschland e.V.<br>IBAN: DE33 5003 1000 1049 7560 00<br>BIC: TRODDEF1<\/p>\n\n\n\n<p>Der Verein DEMOCRACY Deutschland e.V. ist mit Bescheid des Finanzamts G\u00f6ttingen vom 01.10.2019 als gemeinn\u00fctziger Verein zur F\u00f6rderung des demokratischen Staatswesens sowie der Volks- und Berufsbildung offiziell anerkannt (<a href=\"https:\/\/www.democracy-deutschland.de\/files\/download\/Freistellungsbescheid.pdf\">Nachweis der Gemeinn\u00fctzigkeit<\/a>; <a href=\"https:\/\/www.democracy-deutschland.de\/files\/download\/Satzung_DEMOCRACY.pdf\">Satzung<\/a>). Ihre Spenden sind daher steuerlich abzugsf\u00e4hig. F\u00fcr Spenden unter 200\u20ac j\u00e4hrlich gen\u00fcgt der Zahlungsnachweis (z. B. Kontoauszug) zusammen mit unserem <a href=\"https:\/\/www.democracy-deutschland.de\/files\/download\/Vereinfachter_Zuwendungsnachweis_2019.pdf\">Vereinfachten Zuwendungsnachweis<\/a>. Wenn Sie eine separate Zuwendungsbest\u00e4tigung ben\u00f6tigen, schreiben Sie uns bitte eine E-Mail oder geben Sie in Ihrer \u00dcberweisung Ihre Wohnadresse an.<\/p>\n\n\n\n<h3 class=\"wp-block-heading\">Der Verein<\/h3>\n\n\n\n<p>DEMOCRACY Deutschland e.V. (gemeinn\u00fctzig)<br>Industriestra\u00dfe 10<br>37079 G\u00f6ttingen<br>Telefon: +49 176 470 40 213<br>E-Mail:&nbsp;<a href=\"mailto:contact@democracy-deutschland.de\">contact@democracy-deutschland.de<\/a><\/p>\n\n\n\n<p><a href=\"https:\/\/www.facebook.com\/democracygermany\/\">Facebook<\/a>, <a href=\"https:\/\/twitter.com\/democracy_de\">Twitter<\/a>, <a href=\"https:\/\/www.youtube.com\/channel\/UC2R4cGTq1LjFZ2DvDaVhDyg\">YouTube<\/a>, <a href=\"https:\/\/github.com\/demokratie-live\/\">GitHub<\/a>, <a href=\"https:\/\/discord.gg\/Pdu3ZEV\">Discord<\/a><br><a href=\"https:\/\/www.democracy-deutschland.de\/#!nutzungsbedingungen\">Nutzungsbedingungen<\/a>, <a href=\"https:\/\/www.democracy-deutschland.de\/#!datenschutz\">Datenschutz<\/a><\/p>\n","protected":false},"excerpt":{"rendered":"<p>Hallo liebe:r Unterst\u00fctzer:in, so eine App lebt agil und ver\u00e4ndert sich im Minutentakt, daher haben wir wieder viel zu berichten. Ein neues Team aufzubauen, bringt den Duft der Ver\u00e4nderung und des Wandels mit sich, weshalb alles wieder frischen Wind aufnimmt. Wir stellen Dir heute den neuen Glanz hinter den Kulissen und in der App vor [&hellip;]<\/p>\n","protected":false},"author":3,"featured_media":738,"comment_status":"closed","ping_status":"closed","sticky":false,"template":"","format":"standard","meta":{"footnotes":""},"categories":[2],"tags":[],"class_list":["post-371","post","type-post","status-publish","format-standard","has-post-thumbnail","hentry","category-newsletter"],"_links":{"self":[{"href":"https:\/\/democracy-deutschland.de\/blog\/wp-json\/wp\/v2\/posts\/371","targetHints":{"allow":["GET"]}}],"collection":[{"href":"https:\/\/democracy-deutschland.de\/blog\/wp-json\/wp\/v2\/posts"}],"about":[{"href":"https:\/\/democracy-deutschland.de\/blog\/wp-json\/wp\/v2\/types\/post"}],"author":[{"embeddable":true,"href":"https:\/\/democracy-deutschland.de\/blog\/wp-json\/wp\/v2\/users\/3"}],"replies":[{"embeddable":true,"href":"https:\/\/democracy-deutschland.de\/blog\/wp-json\/wp\/v2\/comments?post=371"}],"version-history":[{"count":2,"href":"https:\/\/democracy-deutschland.de\/blog\/wp-json\/wp\/v2\/posts\/371\/revisions"}],"predecessor-version":[{"id":776,"href":"https:\/\/democracy-deutschland.de\/blog\/wp-json\/wp\/v2\/posts\/371\/revisions\/776"}],"wp:featuredmedia":[{"embeddable":true,"href":"https:\/\/democracy-deutschland.de\/blog\/wp-json\/wp\/v2\/media\/738"}],"wp:attachment":[{"href":"https:\/\/democracy-deutschland.de\/blog\/wp-json\/wp\/v2\/media?parent=371"}],"wp:term":[{"taxonomy":"category","embeddable":true,"href":"https:\/\/democracy-deutschland.de\/blog\/wp-json\/wp\/v2\/categories?post=371"},{"taxonomy":"post_tag","embeddable":true,"href":"https:\/\/democracy-deutschland.de\/blog\/wp-json\/wp\/v2\/tags?post=371"}],"curies":[{"name":"wp","href":"https:\/\/api.w.org\/{rel}","templated":true}]}}