{"id":343,"date":"2020-06-21T14:03:44","date_gmt":"2020-06-21T12:03:44","guid":{"rendered":"https:\/\/www.democracy-deutschland.de\/blog\/?p=343"},"modified":"2025-02-21T14:47:54","modified_gmt":"2025-02-21T13:47:54","slug":"news-21-stellenanzeige-flyeraktion","status":"publish","type":"post","link":"https:\/\/democracy-deutschland.de\/blog\/2020\/06\/news-21-stellenanzeige-flyeraktion\/","title":{"rendered":"News #21 \u2013 Stellenanzeige &#038; Flyeraktion"},"content":{"rendered":"\n<figure class=\"wp-block-image\"><img decoding=\"async\" src=\"https:\/\/www.democracy-deutschland.de\/blog\/wp-content\/uploads\/2020\/06\/21_Header-1024x394.jpg\" alt=\"\" class=\"wp-image-344\"\/><\/figure>\n\n\n\n<h3 class=\"wp-block-heading\">Hallo liebe\/r Unterst\u00fctzer\/in,<\/h3>\n\n\n\n<p>1,5 Monate voller Einsichten sind vergangen seit unserem letzten Newsletter. Es ist Zeit, DEMOCRACY auf andere Pfade zu f\u00fchren, um den Fortbestand der Initiative nachhaltig zu sichern.<\/p>\n\n\n\n<p>Wir w\u00fcnschen viel Spa\u00df beim Lesen und danken Ihnen f\u00fcr Ihre Unterst\u00fctzung,<\/p>\n\n\n\n<p>Herzliche Gr\u00fc\u00dfe,<\/p>\n\n\n\n<p>Ihr TEAM DEMOCRACY<br>Marius Kr\u00fcger &amp; Manuel Ruck<\/p>\n\n\n\n<!--more-->\n\n\n\n<p><\/p>\n\n\n\n<p><\/p>\n\n\n\n<h3 class=\"wp-block-heading\">01 Es ist Zeit<\/h3>\n\n\n\n<figure class=\"wp-block-image\"><img decoding=\"async\" src=\"https:\/\/www.democracy-deutschland.de\/blog\/wp-content\/uploads\/2020\/06\/21_01_EsistZeit-1024x527.png\" alt=\"\" class=\"wp-image-345\"\/><\/figure>\n\n\n\n<p>\u201eIch kann nicht mehr\u201c, \u201eich will nicht mehr\u201c, \u201eund eigentlich sitze ich nur noch jeden morgen um 11 Uhr am PC, um Dir [Manuel] das Gef\u00fchl zu geben, auch noch was zu machen\u201c, h\u00f6re ich mich im letzten Teammeeting sagen. \u201eIch bin da angekommen, wo ich nie sein wollte: in der Resignation.\u201c Aber so viel Schmerz in dieser Erkenntnis f\u00fcr mich auch liegt, so sehr \u00f6ffnet sie&nbsp; \u2013 da sind wir uns sicher \u2013 ein Tor zum n\u00e4chsten Level dieser Initiative. Im Weihnachtsbrief hat es sich schon angedeutet. <strong>Nach 3,5 Jahren allerh\u00f6chsten Engagements ist es Zeit<\/strong>, meine pers\u00f6nliche Balance wieder zu finden und <strong>die Initiative operativ an jemand anderen zu \u00fcbergeben<\/strong>.&nbsp;<\/p>\n\n\n\n<h4 class=\"wp-block-heading has-text-align-center\"><a rel=\"noreferrer noopener\" aria-label=\"WEIHNACHTSBRIEF NOCHMAL LESEN (\u00f6ffnet in neuem Tab)\" href=\"https:\/\/www.democracy-deutschland.de\/blog\/2019\/12\/19\/news-19-weihnachtsbrief-von-marius-krueger\/\" target=\"_blank\"><strong>WEIHNACHTSBRIEF NOCHMAL LESEN<\/strong><\/a><\/h4>\n\n\n\n<p><\/p>\n\n\n\n<p><\/p>\n\n\n\n<p><\/p>\n\n\n\n<h3 class=\"wp-block-heading\">02 Stellenanzeige: Operative Projektleitung&nbsp;<\/h3>\n\n\n\n<figure class=\"wp-block-image\"><img decoding=\"async\" src=\"https:\/\/www.democracy-deutschland.de\/blog\/wp-content\/uploads\/2020\/06\/21_02_Stellenanzeige-1024x527.png\" alt=\"\" class=\"wp-image-346\"\/><\/figure>\n\n\n\n<p>Als bissigstes Start-Up der deutschen Civic-Tech-Szene <strong>suchen <\/strong>wir deshalb eine energiegeladene <strong>operative Projektleitung<\/strong> f\u00fcr DEMOCRACY. Die vollst\u00e4ndige <strong>Stellenausschreibung <\/strong>samt der Bewerbungshinweise finden Sie <strong>zum Herunterladen angeh\u00e4ngt<\/strong>. Wir bitten Sie, uns bei der Verbreitung dieser Stellenanzeige zu helfen, indem sie unsere diesbez\u00fcglichen Beitr\u00e4ge in den Sozialen Medien teilen und sie <strong>an potentielle Kandidat*innen aus ihrem Bekanntenkreis weiterleiten<\/strong>.&nbsp;<\/p>\n\n\n\n<h4 class=\"wp-block-heading has-text-align-center\"><a rel=\"noreferrer noopener\" aria-label=\"STELLENANZEIGE DOWNLOADEN (\u00f6ffnet in neuem Tab)\" href=\"https:\/\/www.democracy-deutschland.de\/files\/download\/Stellenanzeige_opProjektleitung_DEMOCRACY_200619.pdf\" target=\"_blank\"><strong>STELLENANZEIGE DOWNLOADEN<\/strong><\/a><\/h4>\n\n\n\n<p><\/p>\n\n\n\n<p><\/p>\n\n\n\n<p><\/p>\n\n\n\n<h3 class=\"wp-block-heading\">03 Sukzessiver \u00dcbergang<\/h3>\n\n\n\n<figure class=\"wp-block-image\"><img decoding=\"async\" src=\"https:\/\/www.democracy-deutschland.de\/blog\/wp-content\/uploads\/2020\/06\/21_03_SukzessiverUbergang-1024x527.png\" alt=\"\" class=\"wp-image-347\"\/><\/figure>\n\n\n\n<p>Wahrscheinlich l\u00f6sen die obigen Zeilen Unsicherheiten bei Ihnen aus, wie es mit dem Projekt DEMOCRACY weitergeht? Vielleicht fragen Sie sich auch, welche Rolle ich, Marius, dann noch spiele? Fest steht, dass DEMOCRACY weitergehen wird \u2013 auch ohne meine tagt\u00e4gliche Mitarbeit. Es braucht gerade operative Power und Verbreitungswillen, den ich derzeit nicht zu leisten im Stande bin. Selbstredend werden wir meine operative Nachfolge <strong>mit h\u00f6chster Sensibilit\u00e4t ausw\u00e4hlen und sukzessiv einarbeiten<\/strong>. Meinen Posten als Vorstand des Tr\u00e4gervereins behalte ich bei. Nach meiner Pause, so sp\u00fcre ich, <strong>werde<\/strong> ich <strong>der Initiative<\/strong> in der Produktentwicklung und f\u00fcr Vortr\u00e4ge zum Potential der Idee <strong>verbunden bleiben<\/strong>. Es steht eine spannende Zeit in der T\u00fcr! Sollte etwas unklar geblieben sein, fragen Sie bitte nach.<\/p>\n\n\n\n<h4 class=\"wp-block-heading has-text-align-center\"><strong><a rel=\"noreferrer noopener\" aria-label=\"FRAGE ZUR ZUKUNFT STELLEN (\u00f6ffnet in neuem Tab)\" href=\"mailto:contact@democracy-deutschland.de?subject=Frage%20zur%20Zukunft%20\" target=\"_blank\">FRAGE ZUR ZUKUNFT STELLEN<\/a><\/strong><\/h4>\n\n\n\n<p><\/p>\n\n\n\n<p><\/p>\n\n\n\n<p><\/p>\n\n\n\n<h3 class=\"wp-block-heading\">04 DEMOCRACY 1.3.4 verf\u00fcgbar<\/h3>\n\n\n\n<figure class=\"wp-block-image\"><img decoding=\"async\" src=\"https:\/\/www.democracy-deutschland.de\/blog\/wp-content\/uploads\/2020\/06\/21_04_134-1024x527.png\" alt=\"\" class=\"wp-image-349\"\/><\/figure>\n\n\n\n<p><strong>Seit <\/strong>dem <strong>Release am 15.03.<\/strong> konnten wir unsere Version 1.3 schon vier mal rereleasen und haben <strong>+ 67.000 neue Downloads<\/strong> gesammelt. Stand jetzt hat jeder 497. Deutsche DEMOCRACY auf seinem Handy. <strong>Seit dem 19.06. ist&nbsp; DEMOCRACY 1.3.4 verf\u00fcgbar<\/strong> und enth\u00e4lt eine \u00fcberarbeitete Suche, Fixes f\u00fcr die Namentlichen Abstimmungen, behobene Fehler bei der Verifikation, Fixes f\u00fcr die Push-Aktivierung &amp; eine Spendenm\u00f6glichkeit bei iOS. Holen Sie sich das kostenlose Update und \u00fcberzeugen Sie nur einen weiteren ihrer Freunde, DEMOCRACY zu benutzen, dann kennt uns jeder 250.!<\/p>\n\n\n\n<h4 class=\"wp-block-heading has-text-align-center\"><strong><a rel=\"noreferrer noopener\" aria-label=\"AUF 1.3.4 UPDATEN (\u00f6ffnet in neuem Tab)\" href=\"https:\/\/www.democracy-deutschland.de\/\" target=\"_blank\">AUF 1.3.4 UPDATEN<\/a><\/strong><\/h4>\n\n\n\n<p><\/p>\n\n\n\n<p><\/p>\n\n\n\n<p><\/p>\n\n\n\n<h3 class=\"wp-block-heading\">05 Flyeraktion<\/h3>\n\n\n\n<figure class=\"wp-block-image\"><img decoding=\"async\" src=\"https:\/\/www.democracy-deutschland.de\/blog\/wp-content\/uploads\/2020\/06\/21_05_Flyer-1024x527.png\" alt=\"\" class=\"wp-image-350\"\/><\/figure>\n\n\n\n<p>Und zum Schluss an alle Botschafter*innen: Vor 4 Wochen haben wir eine Flyeraktion gestartet und bereits 10.000 St\u00fcck an \u00fcber 50 Empf\u00e4nger*innen verschickt. Letzte Woche ist der Nachschub eingetroffen. Wir nehmen also wieder Bestellungen auf. <strong>Schreiben Sie uns<\/strong> einfach <strong>Ihre gew\u00fcnschte St\u00fcckzahl <\/strong>(in 100er-Bundles) <strong>und ihre Empfangsadresse<\/strong> per E-Mail. Wir freuen uns, Sie mit unseren hochwertigen Postkarten f\u00fcr ihr Umfeld zu beschicken.<\/p>\n\n\n\n<h4 class=\"wp-block-heading has-text-align-center\"><strong><a rel=\"noreferrer noopener\" aria-label=\"FLYER BESTELLEN (\u00f6ffnet in neuem Tab)\" href=\"mailto:contact@democracy-deutschland.de?subject=Flyerbestellung\" target=\"_blank\">FLYER BESTELLEN<\/a><\/strong><\/h4>\n\n\n\n<p><\/p>\n\n\n\n<p><\/p>\n\n\n\n<p><\/p>\n\n\n\n<h3 class=\"wp-block-heading\">Spendenfortschritt<\/h3>\n\n\n\n<p>5.087\u20ac von <strong>10.537\u20ac<\/strong> (min. Finanzierungsziel\/Monat)<br><a href=\"https:\/\/www.democracy-deutschland.de\/#!donate\">Mehr Informationen zum Spendenstand<\/a><\/p>\n\n\n\n<h3 class=\"wp-block-heading\">Spendenkonto<\/h3>\n\n\n\n<p>Unsere Bankverbindung f\u00fcr direkte Spenden, \u00dcberweisungen oder Dauerauftr\u00e4ge lautet:<\/p>\n\n\n\n<p>Kontoinhaber: DEMOCRACY Deutschland e.V.<br>IBAN: DE33 5003 1000 1049 7560 00<br>BIC: TRODDEF1<\/p>\n\n\n\n<p>Der Verein DEMOCRACY Deutschland e.V. ist mit Bescheid des Finanzamts G\u00f6ttingen vom 01.10.2019 als gemeinn\u00fctziger Verein zur F\u00f6rderung des demokratischen Staatswesens sowie der Volks- und Berufsbildung offiziell anerkannt (<a href=\"https:\/\/www.democracy-deutschland.de\/files\/download\/Freistellungsbescheid.pdf\">Nachweis der Gemeinn\u00fctzigkeit<\/a>; <a href=\"https:\/\/www.democracy-deutschland.de\/files\/download\/Satzung_DEMOCRACY.pdf\">Satzung<\/a>). Ihre Spenden sind daher steuerlich abzugsf\u00e4hig. F\u00fcr Spenden unter 200\u20ac j\u00e4hrlich gen\u00fcgt der Zahlungsnachweis (z. B. Kontoauszug) zusammen mit unserem <a href=\"https:\/\/www.democracy-deutschland.de\/files\/download\/Vereinfachter_Zuwendungsnachweis_2019.pdf\">Vereinfachten Zuwendungsnachweis<\/a>. Wenn Sie eine separate Zuwendungsbest\u00e4tigung ben\u00f6tigen, schreiben Sie uns bitte eine E-Mail oder geben Sie in Ihrer \u00dcberweisung Ihre Wohnadresse an.<\/p>\n\n\n\n<h3 class=\"wp-block-heading\">Der Verein<\/h3>\n\n\n\n<p>DEMOCRACY Deutschland e.V. (gemeinn\u00fctzig)<br>Industriestra\u00dfe 10<br>37079 G\u00f6ttingen<br>Telefon: +49 176 470 40 213<br>E-Mail:&nbsp;<a href=\"mailto:contact@democracy-deutschland.de\">contact@democracy-deutschland.de<\/a><\/p>\n\n\n\n<p><a href=\"https:\/\/www.facebook.com\/democracygermany\/\">Facebook<\/a>, <a href=\"https:\/\/twitter.com\/democracy_de\">Twitter<\/a>, <a href=\"https:\/\/www.youtube.com\/channel\/UC2R4cGTq1LjFZ2DvDaVhDyg\">YouTube<\/a>, <a href=\"https:\/\/github.com\/demokratie-live\/\">GitHub<\/a>, <a href=\"https:\/\/discord.gg\/Pdu3ZEV\">Discord<\/a><br><a href=\"https:\/\/www.democracy-deutschland.de\/#!nutzungsbedingungen\">Nutzungsbedingungen<\/a>, <a href=\"https:\/\/www.democracy-deutschland.de\/#!datenschutz\">Datenschutz<\/a><\/p>\n","protected":false},"excerpt":{"rendered":"<p>Hallo liebe\/r Unterst\u00fctzer\/in, 1,5 Monate voller Einsichten sind vergangen seit unserem letzten Newsletter. Es ist Zeit, DEMOCRACY auf andere Pfade zu f\u00fchren, um den Fortbestand der Initiative nachhaltig zu sichern. Wir w\u00fcnschen viel Spa\u00df beim Lesen und danken Ihnen f\u00fcr Ihre Unterst\u00fctzung, Herzliche Gr\u00fc\u00dfe, Ihr TEAM DEMOCRACYMarius Kr\u00fcger &amp; Manuel Ruck<\/p>\n","protected":false},"author":3,"featured_media":736,"comment_status":"closed","ping_status":"closed","sticky":false,"template":"","format":"standard","meta":{"footnotes":""},"categories":[2],"tags":[],"class_list":["post-343","post","type-post","status-publish","format-standard","has-post-thumbnail","hentry","category-newsletter"],"_links":{"self":[{"href":"https:\/\/democracy-deutschland.de\/blog\/wp-json\/wp\/v2\/posts\/343","targetHints":{"allow":["GET"]}}],"collection":[{"href":"https:\/\/democracy-deutschland.de\/blog\/wp-json\/wp\/v2\/posts"}],"about":[{"href":"https:\/\/democracy-deutschland.de\/blog\/wp-json\/wp\/v2\/types\/post"}],"author":[{"embeddable":true,"href":"https:\/\/democracy-deutschland.de\/blog\/wp-json\/wp\/v2\/users\/3"}],"replies":[{"embeddable":true,"href":"https:\/\/democracy-deutschland.de\/blog\/wp-json\/wp\/v2\/comments?post=343"}],"version-history":[{"count":2,"href":"https:\/\/democracy-deutschland.de\/blog\/wp-json\/wp\/v2\/posts\/343\/revisions"}],"predecessor-version":[{"id":778,"href":"https:\/\/democracy-deutschland.de\/blog\/wp-json\/wp\/v2\/posts\/343\/revisions\/778"}],"wp:featuredmedia":[{"embeddable":true,"href":"https:\/\/democracy-deutschland.de\/blog\/wp-json\/wp\/v2\/media\/736"}],"wp:attachment":[{"href":"https:\/\/democracy-deutschland.de\/blog\/wp-json\/wp\/v2\/media?parent=343"}],"wp:term":[{"taxonomy":"category","embeddable":true,"href":"https:\/\/democracy-deutschland.de\/blog\/wp-json\/wp\/v2\/categories?post=343"},{"taxonomy":"post_tag","embeddable":true,"href":"https:\/\/democracy-deutschland.de\/blog\/wp-json\/wp\/v2\/tags?post=343"}],"curies":[{"name":"wp","href":"https:\/\/api.w.org\/{rel}","templated":true}]}}