{"id":323,"date":"2019-12-19T13:08:19","date_gmt":"2019-12-19T12:08:19","guid":{"rendered":"https:\/\/www.democracy-deutschland.de\/blog\/?p=323"},"modified":"2025-02-21T14:47:31","modified_gmt":"2025-02-21T13:47:31","slug":"news-19-weihnachtsbrief-von-marius-krueger","status":"publish","type":"post","link":"https:\/\/democracy-deutschland.de\/blog\/2019\/12\/news-19-weihnachtsbrief-von-marius-krueger\/","title":{"rendered":"News #19 \u2013 Weihnachtsbrief von Marius Kr\u00fcger"},"content":{"rendered":"\n<p>Liebe\/r Unterst\u00fctzerIn,<\/p>\n\n\n\n<p>gerade in den etwas stressigen Zeiten muss man sich bewusst Zeit f\u00fcr die Dinge nehmen, die einem besonders wichtig sind. Das ganze Jahr \u00fcber dreht sich immer alles um Zahlen, Leistungen und Erfolge. T\u00e4glich dringen Nachrichten auf uns ein. Bei all diesen Schlagzeilen den \u00dcberblick zu behalten, fordert enorme Ressourcen. Die frohe Botschaft ist: Sie haben es geschafft! Zielsicher mit knapp 80.000 weiteren Pionierinnen und Pionieren haben Sie die Initiative DEMOCRACY in Ihr Leben gezogen. Deshalb m\u00f6chte ich mit Ihnen meinen ganz pers\u00f6nlichen Jahresr\u00fcckblick teilen und Danke sagen.<\/p>\n\n\n\n<!--more-->\n\n\n\n<p>In zwei Wochen ist es so weit. Wieder einmal k\u00f6nnen wir Abschied nehmen von einem bewegten Jahr.&nbsp;<strong>2019 war<\/strong>&nbsp;f\u00fcr uns&nbsp;<strong>eine Achterbahnfahrt<\/strong>.<br><br>Das Jahr begann fulminant. Obwohl unsere Finanzierung nur bis Ende Februar gesichert war, haben wir die neue Version der App&nbsp;<strong>DEMOCRACY+ am 24.03. ver\u00f6ffentlicht<\/strong>. Getragen von einem gelungenen Releasesonntag mit zahlreichen&nbsp;<a href=\"https:\/\/www.facebook.com\/pg\/democracygermany\/videos\/\">Live-Gespr\u00e4chen<\/a>, dem herausragenden&nbsp;<a href=\"https:\/\/www.youtube.com\/watch?v=DFXcnRdXA7k\">Erkl\u00e4rfilm von Jan Sundag<\/a>&nbsp;und der enormen Resonanz auf die erste vergangenenheitsbasierte Wahlempfehlungsapplikation der Bundesrepublik \u00fcberhaupt (unseren&nbsp;<a href=\"https:\/\/www.golem.de\/news\/democracy-der-verbesserte-wahl-o-mat-in-einer-app-1906-141599.html\">Wahl-O-Meter<\/a>), hatten wir uns in dieser Zeit&nbsp;<strong>gro\u00dfe Hoffnungen gemacht, eine Anschlussfinanzierung<\/strong>&nbsp;f\u00fcr unser Projekt&nbsp;<strong>zu finden<\/strong>.<br><br>Wider unserer Erwartungen&nbsp;<strong>blieb<\/strong>&nbsp;diese&nbsp;<strong>leider aus<\/strong>. Und so mussten wir die&nbsp;<strong>Arbeit an DEMOCRACY<\/strong>&nbsp;vorerst&nbsp;<strong>einstellen<\/strong>. Von Zweifeln \u00fcbermannt, ob wir vielleicht doch die falsche Strategie gew\u00e4hlt hatten, dr\u00e4ngte uns die angespannte finanzielle Situation dazu, nach neuen Projekten Ausschau zu halten. Manuel fand \u2013 Gott sei Dank \u2013 relativ schnell bei einem gro\u00dfen Telekommunikationsunternehmen Anschluss, Ulf wechselte einen Monat sp\u00e4ter zu Human Connection. Ich dagegen konnte mir mit meinem Ersparten weitere drei Monate Zeit verschaffen. Und doch war es vor allem das Gef\u00fchl der Verlorenheit, das mich in dieser Zeit nahezu handlungsunf\u00e4hig machte. Wo wir noch wenige Wochen zuvor jeden Tag um 11 Uhr gemeinsam unsere t\u00e4gliche Besprechung abgehalten hatten, hing ich nun alleine im virtuellen Gro\u00dfraumb\u00fcro vor einem riesigen Berg an Arbeit.<br><br>In diesen Tagen war meine&nbsp;<strong>Motivation das erste Mal<\/strong>&nbsp;\u00fcberhaupt im DEMOCRACY-Prozess&nbsp;<strong>angeschlagen<\/strong>. Ich wollte und wollte auch irgendwie nicht mehr. Und ganz ehrlich gesagt, war ich vor allem eines: Unzufrieden! Unzufrieden mit dem Resultat unserer Bem\u00fchungen. Aus meiner pers\u00f6nlichen Perspektive ist DEMOCRACY die soziale Innovation des kommenden Jahrzehnts. Sie ist \u2013 so simpel wie logisch \u2013 die Umsetzung des Selbstverst\u00e4ndlichen. Seit dem ersten Release der App im Oktober 2018 war zwar viel passiert, wir hatten einige Aufmerksamkeit bekommen, aber eben nicht die, die wir uns erhofft hatten. Interviews, die wir mit den gro\u00dfen Tageszeitungen gef\u00fchrt hatten, blieben unver\u00f6ffentlicht. Unsere Kommunikationsma\u00dfnahmen zogen weniger gut als erwartet, es war keine gesicherte Finanzierung mehr vorhanden und irgendwie war mir die Leichtigkeit abhanden gekommen, mit der ich das Projekt im Oktober 2016 gestartet hatte.<br><br>Trotzdem glaubte irgendetwas in mir an die positive Zukunft f\u00fcr das Projekt. Und sie kam dann auch mit der&nbsp;<strong>Ver\u00f6ffentlichung des&nbsp;<a href=\"https:\/\/www.youtube.com\/watch?v=BhWXFsqKMVk\">Macher-Interviews<\/a><\/strong>. Viele tausend Personen sahen in meinem Auftreten etwas, das sie inspirierte, daran zu glauben, dass wir mit den M\u00f6glichkeiten des 21. Jahrhundert echte Demokratie erreichen k\u00f6nnen. Die Downloadzahlen f\u00fcr DEMOCRACY schossen in die H\u00f6he, uns erreichten unz\u00e4hlige Zuschriften und zahlreiche Spenden und Dauerauftr\u00e4ge. Endlich bekam die Idee einer Demokratie-App die Aufmerksamkeit, die sie verdient.<br><br>Die vielen Spenden und rund&nbsp;<strong>700 Dauerauftr\u00e4ge erm\u00f6glichten uns<\/strong>&nbsp;in der Folge, das&nbsp;<strong>Projekt<\/strong>&nbsp;nach der zwangsverordneten Pause strategisch&nbsp;<strong>neu auszurichten<\/strong>&nbsp;\u2013 und zwar unabh\u00e4ngig. Mit der&nbsp;<strong>hauptamtliche<\/strong>n&nbsp;<strong>R\u00fcckkehr von Ulf und mir<\/strong>&nbsp;ab August bzw. Juni kamen Stabilit\u00e4t, Planbarkeit, \u00d6ffentlichkeitsarbeit und die F\u00e4higkeiten, das Back-End St\u00fcck f\u00fcr St\u00fcck weiterzuentwickeln zur\u00fcck in das Projekt.&nbsp;<strong>Leider aber fehlt uns bis heute der Front-End-Entwickler Manuel<\/strong>. Trotz der mittlerweile gro\u00dfartigen finanziellen Unterst\u00fctzung von 5.500\u20ac\/Monat sind wir immer noch unterfinanziert, das Team damit nicht vollst\u00e4ndig und die&nbsp;<strong>M\u00f6glichkeiten, die App weiterzuentwickeln, begrenzt<\/strong>.<br><br>Die gute Nachricht f\u00fcr Sie ist:&nbsp;<strong>Wir haben es im Rahmen unserer M\u00f6glichkeiten trotzdem gemacht<\/strong>&nbsp;und Manuel die letzten 3 Monate daf\u00fcr von den Vereinsersparnissen angestellt. Neben der technischen General\u00fcberholung der App haben wir das vierte Quartal des Jahres 2019 vor allem daf\u00fcr genutzt, auf Basis Ihres Feedbacks, ein verbessertes Nutzungskonzept zu entwickeln. Die&nbsp;<strong>Ergebnisse<\/strong>&nbsp;dessen&nbsp;<strong>werden wir<\/strong>&nbsp;Ihnen&nbsp;<strong>im Januar 2020<\/strong>&nbsp;mit einer neuen Entwickler-Version&nbsp;<strong>vorstellen<\/strong>; geplantes&nbsp;<strong>Releasedatum<\/strong>, nach einer erfolgreichen Testphase, an der Sie selbstverst\u00e4ndlich teilnehmen k\u00f6nnen, ist der&nbsp;<strong>15. M\u00e4rz 2020<\/strong>. Die neue Version von DEMOCRACY (1.3) wird sich viel st\u00e4rker am parlamentarischen Echtbetrieb (den Sitzungswochen) orientieren und Sie somit noch realit\u00e4tsn\u00e4her in das Amt des Bundestagsabgeordneten versetzen. Weiterhin werden wir mit diesem Release ein neues Benachrichtigungs- und Listenkonzept pr\u00e4sentieren sowie die meisten Bugs aus den vorherigen Versionen beheben.<br><br>So endet 2019 nach viel Auf und Ab, dem zeitweisen Verlust unserer Arbeit und dem&nbsp;<a href=\"https:\/\/www.youtube.com\/watch?v=ZArMAz-oOsY\">Gewinn des Innovationspreises<\/a>&nbsp;mit vorsichtigem Optimismus.<br><br>Ich m\u00f6chte&nbsp;<strong>dieses Weihnachten<\/strong>&nbsp;deshalb auch&nbsp;<strong>zum Ansto\u00df nehmen<\/strong>, der teilweise verlorengegangen Leichtigkeit, der Unterfinanzierung, ja allem Mangel-Mindset des Jahres 2019 einfach mal zu trotzen und ausschweifend&nbsp;<strong>Dankbarkeit zu feiern<\/strong>. Mein tiefster Dank gilt dabei Ihnen, den total hilfsbereiten Unterst\u00fctzerinnen und Unterst\u00fctzern von DEMOCRACY, weil unsere Initiative nur durch Ihren finanziellen Beistand eine Zukunft hat!<br><br><strong>Als pers\u00f6nliches Learning<\/strong>&nbsp;aus 2019&nbsp;<strong>nehme ich mit, dass gesellschaftlicher Wandel einen viel l\u00e4ngeren Atem braucht als wir gemeinhin glauben<\/strong>. Mit DEMOCRACY haben wir eine L\u00f6sung geschaffen, die den Einzelnen wieder m\u00e4chtiger werden l\u00e4sst. Wann der Bedarf f\u00fcr eine kollektive Erm\u00e4chtigung eintritt, kann ich nicht bestimmen. Vermutlich wird es l\u00e4nger dauern als wir glauben, aber die Zeit f\u00fcr DEMOCRACY wird kommen. Ein n\u00e4chster gro\u00dfer Aufschlag wird die Bundestagswahl 2021. Bis dahin m\u00f6chten wir eine App zur Verf\u00fcgung stellen, die das Potential hat, Millionen von Menschen von direkter Demokratie und Politikcontrolling zu \u00fcberzeugen. Klar ist, dass wir das nur zusammen schaffen werden.&nbsp;<strong>Deshalb bitte ich Sie<\/strong>, als diejenigen, die die gesellschaftliche Notwendigkeit einer solchen App bereits erkannt haben,&nbsp;<strong>zur Aufrechterhaltung der Initiative finanziell beizutragen \u2013 oder mit Ihrer freiwilligen Mitarbeit Verantwortung zu \u00fcbernehmen<\/strong>.<br><br>Ihnen und Ihrer Familie w\u00fcnsche ich von ganzem Herzen ein besinnliches Weihnachtsfest, einen guten Start in&#8217;s neue Jahr und Danke Ihnen f\u00fcr Ihr Vertrauen,<br><br>Ihr Marius Kr\u00fcger<\/p>\n\n\n\n<figure class=\"wp-block-image is-resized\"><img decoding=\"async\" src=\"https:\/\/www.democracy-deutschland.de\/blog\/wp-content\/uploads\/2019\/09\/LogoBubble.png\" alt=\"\" class=\"wp-image-320\" style=\"width:84px;height:84px\"\/><\/figure>\n\n\n\n<p>Marius Kr\u00fcger<br>Gr\u00fcnder &amp; gesch\u00e4ftsf\u00fchrender Vorstand<br>DEMOCRACY Deutschland e.V.<br>mobil +49 176 470 40 213<br><a href=\"mailto:contact@democracy-deutschland.de\">contact@democracy-deutschland.de&nbsp;<\/a><br><a href=\"https:\/\/www.democracy-deutschland.de\/\">https:\/\/www.democracy-deutschland.de&nbsp;<\/a><br><a href=\"https:\/\/github.com\/demokratie-live\/\">https:\/\/github.com\/demokratie-live<\/a><\/p>\n\n\n\n<p>PS:&nbsp;<strong>Im Anhang<\/strong>&nbsp;dieser Mail finden Sie den&nbsp;<strong>\u201aVereinfachten Zuwendungsnachweis\u2019<\/strong>&nbsp;des am 01.10.2019 offiziell als gemeinn\u00fctzig anerkannten Tr\u00e4gervereins DEMOCRACY Deutschland e.V., mit dem Sie Ihre in 2019 geleistete Spende (i.H.v. bis zu 200\u20ac) steuerlich geltend machen k\u00f6nnen. Dar\u00fcber hinaus sei allen&nbsp;<strong>Spenderinnen und Spendern<\/strong>, die&nbsp;<strong>\u00fcber 200\u20ac im Jahr 2019<\/strong>gespendet haben, gesagt, dass Sie Ihre&nbsp;<strong>Spendenquittung<\/strong>&nbsp;Anfang des Jahres 2020&nbsp;<strong>postalisch<\/strong>&nbsp;erhalten.&nbsp;<br><br>PSS: Unsere Arbeit ist unabh\u00e4ngig, \u00fcberparteilich, allgemeinn\u00fctzig und nicht kommerziell \u2013 von Menschen f\u00fcr Menschen.&nbsp;<strong>Sie sind noch kein Pate und unterst\u00fctzen DEMOCRACY mit einem monatlichen Dauerauftrag?<\/strong>&nbsp;Patin k\u00f6nnen Sie unter&nbsp;<a href=\"http:\/\/www.democracy-deutschland.de\/#!donate\">www.democracy-deutschland.de\/#!donate<\/a>&nbsp;schon ab 5\u20ac monatlich werden. Ihr Beitrag z\u00e4hlt!<\/p>\n","protected":false},"excerpt":{"rendered":"<p>Liebe\/r Unterst\u00fctzerIn, gerade in den etwas stressigen Zeiten muss man sich bewusst Zeit f\u00fcr die Dinge nehmen, die einem besonders wichtig sind. Das ganze Jahr \u00fcber dreht sich immer alles um Zahlen, Leistungen und Erfolge. T\u00e4glich dringen Nachrichten auf uns ein. Bei all diesen Schlagzeilen den \u00dcberblick zu behalten, fordert enorme Ressourcen. Die frohe Botschaft [&hellip;]<\/p>\n","protected":false},"author":3,"featured_media":734,"comment_status":"closed","ping_status":"closed","sticky":false,"template":"","format":"standard","meta":{"footnotes":""},"categories":[2],"tags":[],"class_list":["post-323","post","type-post","status-publish","format-standard","has-post-thumbnail","hentry","category-newsletter"],"_links":{"self":[{"href":"https:\/\/democracy-deutschland.de\/blog\/wp-json\/wp\/v2\/posts\/323","targetHints":{"allow":["GET"]}}],"collection":[{"href":"https:\/\/democracy-deutschland.de\/blog\/wp-json\/wp\/v2\/posts"}],"about":[{"href":"https:\/\/democracy-deutschland.de\/blog\/wp-json\/wp\/v2\/types\/post"}],"author":[{"embeddable":true,"href":"https:\/\/democracy-deutschland.de\/blog\/wp-json\/wp\/v2\/users\/3"}],"replies":[{"embeddable":true,"href":"https:\/\/democracy-deutschland.de\/blog\/wp-json\/wp\/v2\/comments?post=323"}],"version-history":[{"count":3,"href":"https:\/\/democracy-deutschland.de\/blog\/wp-json\/wp\/v2\/posts\/323\/revisions"}],"predecessor-version":[{"id":780,"href":"https:\/\/democracy-deutschland.de\/blog\/wp-json\/wp\/v2\/posts\/323\/revisions\/780"}],"wp:featuredmedia":[{"embeddable":true,"href":"https:\/\/democracy-deutschland.de\/blog\/wp-json\/wp\/v2\/media\/734"}],"wp:attachment":[{"href":"https:\/\/democracy-deutschland.de\/blog\/wp-json\/wp\/v2\/media?parent=323"}],"wp:term":[{"taxonomy":"category","embeddable":true,"href":"https:\/\/democracy-deutschland.de\/blog\/wp-json\/wp\/v2\/categories?post=323"},{"taxonomy":"post_tag","embeddable":true,"href":"https:\/\/democracy-deutschland.de\/blog\/wp-json\/wp\/v2\/tags?post=323"}],"curies":[{"name":"wp","href":"https:\/\/api.w.org\/{rel}","templated":true}]}}