{"id":312,"date":"2019-09-04T23:34:00","date_gmt":"2019-09-04T21:34:00","guid":{"rendered":"https:\/\/www.democracy-deutschland.de\/blog\/?p=312"},"modified":"2025-02-21T14:47:18","modified_gmt":"2025-02-21T13:47:18","slug":"news-18-personalien-refactoring","status":"publish","type":"post","link":"https:\/\/democracy-deutschland.de\/blog\/2019\/09\/news-18-personalien-refactoring\/","title":{"rendered":"News #18 \u2013 Personalien &#038; Refactoring"},"content":{"rendered":"\n<p>Liebe\/r Unterst\u00fctzer\/in,<\/p>\n\n\n\n<p>in der letzten Zeit ist es in der \u00d6ffentlichkeit ein bisschen ruhiger um das Projekt DEMOCRACY geworden. Umso mehr freut es mich, Ihnen nach gut 2 Monaten mal wieder ein paar Interna von ihrem Lieblingsprojekt zukommen zu lassen.<\/p>\n\n\n\n<p>Ich w\u00fcnsche viel Spa\u00df beim Lesen und hoffe auf Ihre Unterst\u00fctzung,&nbsp;<\/p>\n\n\n\n<p>Herzliche Gr\u00fc\u00dfe<\/p>\n\n\n\n<p><strong>Ihr Marius Kr\u00fcger<\/strong><\/p>\n\n\n\n<!--more-->\n\n\n\n<p>WAS SICH GETAN HAT:<\/p>\n\n\n\n<ul class=\"wp-block-list\">\n<li><a href=\"x-webdoc:\/\/1966DD90-7776-4A22-8595-B1A2DC9DA768#news_01\">01 Ulf ist zur\u00fcck!<\/a><\/li>\n\n\n\n<li><a href=\"x-webdoc:\/\/1966DD90-7776-4A22-8595-B1A2DC9DA768#news_02\">02 Manuel kommt zur\u00fcck<\/a><\/li>\n\n\n\n<li><a href=\"x-webdoc:\/\/1966DD90-7776-4A22-8595-B1A2DC9DA768#news_03\">03 N\u00e4chster Halt: Refactoring<\/a><\/li>\n\n\n\n<li><a href=\"x-webdoc:\/\/1966DD90-7776-4A22-8595-B1A2DC9DA768#news_04\">04 Idee: Service-Newsletter<\/a><\/li>\n\n\n\n<li><a href=\"x-webdoc:\/\/1966DD90-7776-4A22-8595-B1A2DC9DA768#news_05\">05 Nachtrag<\/a><\/li>\n<\/ul>\n\n\n\n<p>01<\/p>\n\n\n\n<p>Dank der monatlichen Unterst\u00fctzung unserer 753 Patinnen und Paten konnten wir zum 01.08. auch&nbsp;<strong>Ulf Gebhardt hauptberuflich zur\u00fcck<\/strong>&nbsp;ins Projekt DEMOCRACY holen. Ulf hat in den vergangenen 4 Monaten f\u00fcr das Projekt Human Connection gearbeitet und in dieser Zeit mit daf\u00fcr gesorgt, dass die Nitro-Version des Netzwerkes bald an den Start gehen kann. Mit seiner R\u00fcckkehr sind&nbsp;<strong>2\/3 des urspr\u00fcnglichen DEMOCRACY-Teams wiedervereint<\/strong>, ohne dass wir daf\u00fcr ein unmoralisches Finazierungsangebot annehmen mussten. \u201cIch freue mich, dank Dir, wieder bei DEMOCRACY arbeiten zu d\u00fcrfen &#8211; so kann es mit meinem Herzensprojekt weiter gehen!\u201d, sagt Ulf Gebhardt. Ein&nbsp;<strong>fettes Dankesch\u00f6n<\/strong>&nbsp;geht daf\u00fcr raus&nbsp;<strong>an<\/strong>&nbsp;Sie, die&nbsp;<strong>zahlreichen Unterst\u00fctzerinnen und Unterst\u00fctzer<\/strong>&nbsp;der App, die derzeit planungssichere 5.778\u20ac pro Monat (!) zusammen bringen. Danke!<\/p>\n\n\n\n<p>02<\/p>\n\n\n\n<p>Als wir im vorherigen Abschnitt von 2\/3 des Teams gesprochen haben, haben wir Ihnen eine weitere kleinere \u00dcberraschung noch vorenthalten: Auch&nbsp;<strong>Manuel<\/strong>&nbsp;m\u00f6chte&nbsp;<strong>ab 01.10. als freier Mitarbeiter zur\u00fcck<\/strong>&nbsp;zum DEMOCRACY Deutschland e.V. kehren (!) und der App eine technische General\u00fcberholung geben. Manuel Ruck hat in den vergangenen 5 Monate als Freelancer f\u00fcr ein gro\u00dfes Telekomunikationsunternehmen gearbeitet. Damit Manuel zu einem \u00c4quivalenzlohn zu den Festanstellungen von Ulf und mir bezahlt werden kann, fehlen derzeit noch 2.400\u20ac pro Monat an dauerhafter Finanzierung. Meine Frage an Sie:&nbsp;<strong>Kriegen wir das gemeinsam hin<\/strong>, bis zum 01.10. die fehlenden Dauerauftr\u00e4ge zu akquirieren? Ich danke Ihnen von ganzem Herzen f\u00fcr Ihren Support.<\/p>\n\n\n\n<figure class=\"wp-block-image is-resized\"><img decoding=\"async\" src=\"https:\/\/www.democracy-deutschland.de\/blog\/wp-content\/uploads\/2019\/09\/190904-Democracy_FB_Post_ManuII-1024x535.jpg\" alt=\"\" class=\"wp-image-317\" style=\"aspect-ratio:1;width:25px;height:auto\"\/><figcaption class=\"wp-element-caption\">BRING MANU BACK \u2013 Unterst\u00fctze DEMOCRACY Deutschland e.V. <br>jetzt mit einem monatlichen Dauerauftrag<\/figcaption><\/figure>\n\n\n\n<p>03<\/p>\n\n\n\n<p>Das letzte Quartal 2019 wird somit voll im Zeichen der Verbreitung und technischen Stabilisierung von DEMOCRACY stehen. Parallel zur geplanten Vortragsreise werden Manuel und Ulf die&nbsp;<strong>App general\u00fcberholen<\/strong>. Neben der&nbsp;<strong>Einf\u00fchrung von Typensicherheit<\/strong>und&nbsp;<strong>End-to-End-Tests<\/strong>&nbsp;in den Code, werden wir der App eine&nbsp;<strong>neue Navigation<\/strong>&nbsp;und eine&nbsp;<strong>zuverl\u00e4ssigere Benachrichtigungsfunktion<\/strong>&nbsp;geben, die Probleme mit dem PDF-Reader beheben und auch die Datenverf\u00fcgbarkeit durch&nbsp;<strong>neue Bundestagsscraper<\/strong>&nbsp;verbessern. Die Vortragsreise betreffend sei \u00fcberdies gesagt, dass Sie uns, wenn Sie Interesse daran haben, eine eigene Veranstaltung in ihrer Stadt mitzuorganisieren, einfach ansprechen k\u00f6nnen.&nbsp;<\/p>\n\n\n\n<p>04<\/p>\n\n\n\n<p>Schon \u00f6fter kam bei uns die Idee auf, einen&nbsp;<strong>Service-Newsletter<\/strong>aufzubauen,&nbsp;<strong>der Sie geb\u00fcndelt und redaktionell aufbereitet<\/strong>&nbsp;per Mail vor der jeweiligen Sitzungswoche dar\u00fcber&nbsp;<strong>informiert<\/strong>, was in der kommenden Woche im Bundestag passiert. Neben diesem Vor-der-Sitzungswoche-Service-Newsletter w\u00fcrden wir Ihnen mit einem Nach-der-Sitzungswoche-Service-Newsletter zus\u00e4tzlich auch gerne noch die offiziellen Ergebnisse samt Abweichung\/\u00dcbereinstimmung zur Community pr\u00e4sentieren.&nbsp;<strong>Besteht<\/strong>&nbsp;von ihrer Seite&nbsp;<strong>Interesse<\/strong>, einen solchen Newsletter aufzubauen,&nbsp;<strong>f\u00fcgen Sie Ihrem Dauerauftrag einfach den Verwendungszweck Newsletter hinzu<\/strong>. \u00dcber jedes weitere inhaltliche Feedback zu dieser Idee freuen wir uns nat\u00fcrlich \u00fcberdies.<\/p>\n\n\n\n<p>&nbsp;05<\/p>\n\n\n\n<p>Und last but not least: Im letzten Newsletter haben wir Ihnen davon berichtet, dass wir gemeinsam mit dem MDR eine Doku zum Thema &#8222;Mehr B\u00fcrger an die Macht? Wie sich Demokratie ver\u00e4ndern muss&#8220; gedreht haben sowie erstmalig mit Daniele Ganser auf der B\u00fchne standen, um im Rahmen seiner Vortragsreihe \u201cWahrheit, Mut &amp; Liebe\u201d die DEMOCRACY App vorzustellen. Angeh\u00e4ngt finden sie jetzt den entsprechenden&nbsp;<a href=\"https:\/\/www.youtube.com\/watch?v=5sbPOUL-5Fs\"><strong>MDR-Auschnitt \u00fcber DEMOCRACY<\/strong><\/a>&nbsp;sowie den&nbsp;<a href=\"https:\/\/www.youtube.com\/watch?v=ruCzHnp6V4o\"><strong>Mitschnitt unseres gemeinsamen Vortrags mit Daniele Ganser<\/strong><\/a>&nbsp;in Hannover.<\/p>\n\n\n\n<p>Sind Sie eigentlich schon F\u00f6rderer der Idee?<br><br>Spendenkonto f\u00fcr Dauerauftr\u00e4ge:<br>DEMOCRACY Deutschland e.V.<br>IBAN DE33 5003 1000 1049 7560 00<br>BIC TRODDEF1<br><br>Wir sind gespannt, welche gro\u00dfartigen M\u00f6glichkeiten in der Zukunft noch f\u00fcr unser Projekt offen stehen und verbleiben mit einem L\u00e4cheln und ganz herzlichen Gr\u00fc\u00dfen,<\/p>\n\n\n\n<p>Ihr TEAM DEMOCRACY<\/p>\n\n\n\n<figure class=\"wp-block-image is-resized\"><img decoding=\"async\" src=\"https:\/\/www.democracy-deutschland.de\/blog\/wp-content\/uploads\/2019\/09\/LogoBubble.png\" alt=\"\" class=\"wp-image-320\" style=\"width:94px;height:94px\"\/><\/figure>\n\n\n\n<p>DEMOCRACY Deutschland e.V.<br>mobil +49 176 470 40 213<br><a href=\"mailto:contact@democracy-deutschland.de\">contact@democracy-deutschland.de&nbsp;<\/a><br><a href=\"https:\/\/www.democracy-deutschland.de\/\">https:\/\/www.democracy-deutschland.de&nbsp;<\/a><br><a href=\"https:\/\/github.com\/demokratie-live\/\">https:\/\/github.com\/demokratie-live&nbsp;<\/a><\/p>\n","protected":false},"excerpt":{"rendered":"<p>Liebe\/r Unterst\u00fctzer\/in, in der letzten Zeit ist es in der \u00d6ffentlichkeit ein bisschen ruhiger um das Projekt DEMOCRACY geworden. Umso mehr freut es mich, Ihnen nach gut 2 Monaten mal wieder ein paar Interna von ihrem Lieblingsprojekt zukommen zu lassen. Ich w\u00fcnsche viel Spa\u00df beim Lesen und hoffe auf Ihre Unterst\u00fctzung,&nbsp; Herzliche Gr\u00fc\u00dfe Ihr Marius [&hellip;]<\/p>\n","protected":false},"author":3,"featured_media":733,"comment_status":"closed","ping_status":"closed","sticky":false,"template":"","format":"standard","meta":{"footnotes":""},"categories":[2],"tags":[],"class_list":["post-312","post","type-post","status-publish","format-standard","has-post-thumbnail","hentry","category-newsletter"],"_links":{"self":[{"href":"https:\/\/democracy-deutschland.de\/blog\/wp-json\/wp\/v2\/posts\/312","targetHints":{"allow":["GET"]}}],"collection":[{"href":"https:\/\/democracy-deutschland.de\/blog\/wp-json\/wp\/v2\/posts"}],"about":[{"href":"https:\/\/democracy-deutschland.de\/blog\/wp-json\/wp\/v2\/types\/post"}],"author":[{"embeddable":true,"href":"https:\/\/democracy-deutschland.de\/blog\/wp-json\/wp\/v2\/users\/3"}],"replies":[{"embeddable":true,"href":"https:\/\/democracy-deutschland.de\/blog\/wp-json\/wp\/v2\/comments?post=312"}],"version-history":[{"count":2,"href":"https:\/\/democracy-deutschland.de\/blog\/wp-json\/wp\/v2\/posts\/312\/revisions"}],"predecessor-version":[{"id":781,"href":"https:\/\/democracy-deutschland.de\/blog\/wp-json\/wp\/v2\/posts\/312\/revisions\/781"}],"wp:featuredmedia":[{"embeddable":true,"href":"https:\/\/democracy-deutschland.de\/blog\/wp-json\/wp\/v2\/media\/733"}],"wp:attachment":[{"href":"https:\/\/democracy-deutschland.de\/blog\/wp-json\/wp\/v2\/media?parent=312"}],"wp:term":[{"taxonomy":"category","embeddable":true,"href":"https:\/\/democracy-deutschland.de\/blog\/wp-json\/wp\/v2\/categories?post=312"},{"taxonomy":"post_tag","embeddable":true,"href":"https:\/\/democracy-deutschland.de\/blog\/wp-json\/wp\/v2\/tags?post=312"}],"curies":[{"name":"wp","href":"https:\/\/api.w.org\/{rel}","templated":true}]}}