{"id":196,"date":"2017-12-23T12:21:14","date_gmt":"2017-12-23T11:21:14","guid":{"rendered":"https:\/\/www.democracy-deutschland.de\/blog\/?p=196"},"modified":"2025-02-21T14:42:29","modified_gmt":"2025-02-21T13:42:29","slug":"news-1-newsletter-vor-weihnachten","status":"publish","type":"post","link":"https:\/\/democracy-deutschland.de\/blog\/2017\/12\/news-1-newsletter-vor-weihnachten\/","title":{"rendered":"News #1 \u2013 Newsletter vor Weihnachten"},"content":{"rendered":"\n<p><span style=\"font-weight: 400;\">Liebe\/r Unterst\u00fctzerIn,<\/span><\/p>\n\n\n\n<p>&nbsp;<\/p>\n\n\n\n<p><span style=\"font-weight: 400;\">es gibt Neuigkeiten von Ihrem Lieblingsprojekt \u2013 der DEMOCRACY App!<\/span><\/p>\n\n\n\n<p><span style=\"font-weight: 400;\">Wir wollen als erstes fr\u00f6hliche Weihnachten w\u00fcnschen und eine besinnliche Zeit.<\/span><\/p>\n\n\n\n<p><span style=\"font-weight: 400;\">Sollten Sie die Zeit und die Muse haben, \u00fcber das vergangene Jahr nachzusinnen, dann denken Sie an uns. Und wir denken an Sie, vielen Dank!<\/span><\/p>\n\n\n\n<p>&nbsp;<\/p>\n\n\n\n<!--more-->\n\n\n\n<p><span style=\"font-weight: 400;\">Was sich getan hat:<\/span><\/p>\n\n\n\n<p>&nbsp;<\/p>\n\n\n\n<p><span style=\"font-weight: 400;\">01 Ihr erfolgreiches Crowdfunding<\/span><\/p>\n\n\n\n<p><span style=\"font-weight: 400;\">02 demokratie.io hat uns pr\u00e4miert<\/span><\/p>\n\n\n\n<p><span style=\"font-weight: 400;\">03 prototype fund hat uns ausgew\u00e4hlt<\/span><\/p>\n\n\n\n<p><span style=\"font-weight: 400;\">04 Fertig: erste Test-App<\/span><\/p>\n\n\n\n<p><span style=\"font-weight: 400;\">05 In Persona: Entwickler-Treffen<\/span><\/p>\n\n\n\n<p>&nbsp;<\/p>\n\n\n\n<p><span style=\"font-weight: 400;\">01<\/span><\/p>\n\n\n\n<p><span style=\"font-weight: 400;\">Am Samstag nach unserer nervenaufreibenden Woche in Berlin haben wir die wundervolle Nachricht bekommen: das Crowdfunding hat sein Minimalziel erreicht! Damit k\u00f6nnen wir das Projekt also tats\u00e4chlich durchf\u00fchren\u2026 Wir sind immer noch \u00fcbergl\u00fccklich, dass unsere Idee so viele Menschen \u00fcberzeugt hat und Sie uns das Vertrauen schenken, das Projekt umzusetzen. Nochmals vielen Dank!<\/span><\/p>\n\n\n\n<p>&nbsp;<\/p>\n\n\n\n<p><span style=\"font-weight: 400;\">02<\/span><\/p>\n\n\n\n<p><span style=\"font-weight: 400;\">Parallel zum Crowdfunding haben wir unsere Projekt-Idee nat\u00fcrlich auch noch bei Stiftungen und Innovationswettbewerben eingereicht. Nach der Hertie-Stiftung, die 7.500\u20ac zum Crowdfunding beigetragen hat, konnten wir in der darauffolgenden Woche eine F\u00f6rderzusage von demokratie.io gewinnen. Das gibt uns einen weiteren Schub und erm\u00f6glicht, das Projekt nun 6-9 Monate nachhaltig zu finanzieren.<\/span><\/p>\n\n\n\n<p>&nbsp;<\/p>\n\n\n\n<p><span style=\"font-weight: 400;\">03<\/span><\/p>\n\n\n\n<p><span style=\"font-weight: 400;\">Der Prototype Fund hat eine F\u00f6rderung f\u00fcr ein Schwesterprojekt ausgesprochen: dabei wird Magnus Rembold als Entwickler 6 Monate gef\u00f6rdert und setzt einen Webservice um, der uns die Daten des Bundestags und eine Speicherung der App-Daten zur Verf\u00fcgung stellt. Auch das ist eine riesiger Schritt voran und freut uns ungemein.<\/span><\/p>\n\n\n\n<p>&nbsp;<\/p>\n\n\n\n<p><span style=\"font-weight: 400;\">04<\/span><\/p>\n\n\n\n<p><span style=\"font-weight: 400;\">Ulf Gebhardt und unsere neue Verst\u00e4rkung Manuel Ruck haben im Dezember nun einen technischen Prototyp aufgesetzt, um eine Umsetzungsm\u00f6glichkeit vorzubereiten und zu pr\u00fcfen. Im Demo-Video zeigen wir, was dieses technische Demo schon kann. Wir k\u00f6nnen nun also Apps f\u00fcr iOS und Andoid erzeugen und gleichzeitig eine Web-Version ausspielen aus einer einzigen Code-Basis. Check!<\/span><\/p>\n\n\n\n<p>&nbsp;<\/p>\n\n\n\n<p><span style=\"font-weight: 400;\">05<\/span><\/p>\n\n\n\n<p><span style=\"font-weight: 400;\">Am 19. und 20. Dezember haben wir uns zum ersten Mal seit Berlin wieder pers\u00f6nlich getroffen. Im Schwabenl\u00e4ndle haben wir einen intensiven 2-t\u00e4gigen Workshop durchgef\u00fchrt und die ersten Festlegungen f\u00fcr Version 1.0 festgelegt. Gleichzeitig eine prima Gelegenheit, \u00fcber die Grundausrichtung und die Heransgehensweise f\u00fcr das Projekt zu diskutieren. (Bild Magnus)<\/span><\/p>\n\n\n\n<p>&nbsp;<\/p>\n","protected":false},"excerpt":{"rendered":"<p>Liebe\/r Unterst\u00fctzerIn, &nbsp; es gibt Neuigkeiten von Ihrem Lieblingsprojekt \u2013 der DEMOCRACY App! Wir wollen als erstes fr\u00f6hliche Weihnachten w\u00fcnschen und eine besinnliche Zeit. Sollten Sie die Zeit und die Muse haben, \u00fcber das vergangene Jahr nachzusinnen, dann denken Sie an uns. Und wir denken an Sie, vielen Dank! &nbsp;<\/p>\n","protected":false},"author":3,"featured_media":716,"comment_status":"closed","ping_status":"closed","sticky":false,"template":"","format":"standard","meta":{"footnotes":""},"categories":[2],"tags":[],"class_list":["post-196","post","type-post","status-publish","format-standard","has-post-thumbnail","hentry","category-newsletter"],"_links":{"self":[{"href":"https:\/\/democracy-deutschland.de\/blog\/wp-json\/wp\/v2\/posts\/196","targetHints":{"allow":["GET"]}}],"collection":[{"href":"https:\/\/democracy-deutschland.de\/blog\/wp-json\/wp\/v2\/posts"}],"about":[{"href":"https:\/\/democracy-deutschland.de\/blog\/wp-json\/wp\/v2\/types\/post"}],"author":[{"embeddable":true,"href":"https:\/\/democracy-deutschland.de\/blog\/wp-json\/wp\/v2\/users\/3"}],"replies":[{"embeddable":true,"href":"https:\/\/democracy-deutschland.de\/blog\/wp-json\/wp\/v2\/comments?post=196"}],"version-history":[{"count":2,"href":"https:\/\/democracy-deutschland.de\/blog\/wp-json\/wp\/v2\/posts\/196\/revisions"}],"predecessor-version":[{"id":791,"href":"https:\/\/democracy-deutschland.de\/blog\/wp-json\/wp\/v2\/posts\/196\/revisions\/791"}],"wp:featuredmedia":[{"embeddable":true,"href":"https:\/\/democracy-deutschland.de\/blog\/wp-json\/wp\/v2\/media\/716"}],"wp:attachment":[{"href":"https:\/\/democracy-deutschland.de\/blog\/wp-json\/wp\/v2\/media?parent=196"}],"wp:term":[{"taxonomy":"category","embeddable":true,"href":"https:\/\/democracy-deutschland.de\/blog\/wp-json\/wp\/v2\/categories?post=196"},{"taxonomy":"post_tag","embeddable":true,"href":"https:\/\/democracy-deutschland.de\/blog\/wp-json\/wp\/v2\/tags?post=196"}],"curies":[{"name":"wp","href":"https:\/\/api.w.org\/{rel}","templated":true}]}}